{"id":37695,"date":"2026-08-29T14:57:32","date_gmt":"2026-08-29T12:57:32","guid":{"rendered":"https:\/\/zellamseekaprun.at\/areitxpress-schuttdorf-areit-1400-ro\/"},"modified":"2026-08-29T14:57:32","modified_gmt":"2026-08-29T12:57:32","slug":"areitxpress-schuttdorf-areit-1400-ro","status":"publish","type":"post","link":"https:\/\/zellamseekaprun.at\/ro\/areitxpress-schuttdorf-areit-1400-ro\/","title":{"rendered":"areitXpress: din Sch\u00fcttdorf p\u00e2n\u0103 la Areit 1.400"},"content":{"rendered":"\n<p class=\"wp-block-paragraph\"><strong>Pe scurt:<\/strong> areitXpress este telecabina care urc\u0103 din cartierul zellez <a href=\"https:\/\/zellamseekaprun.at\/ro\/schuettdorf-in-zell-am-see\/\">Sch\u00fcttdorf<\/a> p\u00e2n\u0103 la Areit 1.400 \u2014 cabine de 10 persoane, aproximativ \u0219apte minute de mers, de la 766 la 1.400 de metri. Nu este telecabina spre v\u00e2rful <a href=\"https:\/\/zellamseekaprun.at\/ro\/schmittenhoehe\/\">Schmittenh\u00f6he<\/a>, ci cel mai rapid acces \u00een zona de drume\u021bii dinspre partea sudic\u0103 a lacului. Cine locuie\u0219te \u00een Sch\u00fcttdorf o are la u\u0219\u0103. Aceast\u0103 pagin\u0103 explic\u0103 ce se afl\u0103 de fapt la sta\u021bia de sus, cum se continu\u0103 de acolo \u0219i ce nu func\u021bioneaz\u0103 vara.<\/p>\n\n\n\n<h2 class=\"wp-block-heading\">Din Sch\u00fcttdorf p\u00e2n\u0103 la 1.400 de metri<\/h2>\n\n\n\n<p class=\"wp-block-paragraph\">Sta\u021bia de vale se afl\u0103 \u00een Sch\u00fcttdorf, cel mai mare cartier al localit\u0103\u021bii Zell am See, la 766 de metri. De acolo, telecabina de 10 persoane v\u0103 duce \u00een aproximativ \u0219apte minute la 1.400 de metri \u2014 o diferen\u021b\u0103 de nivel de peste 630 de metri. Cabinele au wifi \u0219i scaune \u00eenc\u0103lzite, ceea ce conteaz\u0103 mai mult iarna dec\u00e2t \u00een iulie.<\/p>\n\n\n\n<p class=\"wp-block-paragraph\">Valoarea practic\u0103 st\u0103 \u00een amplasare. Sch\u00fcttdorf are mai multe locuri de cazare dec\u00e2t orice alt cartier al comunei, iar sta\u021bia de vale se afl\u0103 chiar \u00een mijlocul lui. Cine locuie\u0219te aici nu are nevoie nici de ma\u0219in\u0103, nici de autobuz pentru a ajunge la munte. La sta\u021bia de vale exist\u0103 o parcare proprie, precum \u0219i sta\u021bii de \u00eenc\u0103rcare pentru ma\u0219ini \u0219i biciclete electrice; acolo se afl\u0103 \u0219i centrul de informare al operatorului telecabinelor.<\/p>\n\n\n\n<p class=\"wp-block-paragraph\">Un aspect care produce adesea confuzie: \u201eAreit&#8221; nu este o localitate, ci numele por\u021biunii de teren de la 1.400 de metri. Ceea ce h\u0103r\u021bile \u0219i bro\u0219urile numesc \u201eAreit 1400&#8243; este zona sta\u021biei de sus, cu instala\u021biile ei \u2014 nici un sat, nici v\u00e2rful.<\/p>\n\n\n\n<p class=\"wp-block-paragraph\">\u0218i \u00eenc\u0103 o chestiune de denumire: \u00een Sch\u00fcttdorf, pe indicatoare mai vechi \u0219i \u00een multe descrieri de cazare, se vorbe\u0219te despre \u201eAreitbahn&#8221;. Aproape \u00eentotdeauna se face referire la areitXpress. Areitbahn II este, \u00een schimb, o instala\u021bie separat\u0103, situat\u0103 mai sus, care nu func\u021bioneaz\u0103 vara. Dac\u0103 unitatea dumneavoastr\u0103 de cazare face publicitate proximit\u0103\u021bii fa\u021b\u0103 de \u201eAreitbahn&#8221;, se refer\u0103 la sta\u021bia de vale a areitXpress \u2014 iar \u00een Sch\u00fcttdorf aceast\u0103 informa\u021bie este de obicei corect\u0103.<\/p>\n\n\n\n<h2 class=\"wp-block-heading\">Ce v\u0103 a\u0219teapt\u0103 la sta\u021bia de sus<\/h2>\n\n\n\n<p class=\"wp-block-paragraph\">Areit 1.400 nu este doar un punct de transfer. \u00cen jurul sta\u021biei de sus se afl\u0103 o ofert\u0103 familial\u0103 bine integrat\u0103, care face ca excursia s\u0103 merite chiar dac\u0103 nimeni nu vrea s\u0103 continue pe jos.<\/p>\n\n\n\n<p class=\"wp-block-paragraph\">Chiar la sta\u021bia de sus \u00eencepe <strong>Schmidolins Feuertaufe<\/strong>, o potec\u0103 de aventur\u0103 cu ghicitori \u0219i probe \u00een jurul dragonului Schmitten. Pe traseu se afl\u0103 locul de joac\u0103 Schmidolins Drachenfeuer, cu un turn de joac\u0103. Folosirea potecii este inclus\u0103 \u00een biletul de telecabin\u0103; pa\u0219aportul de aventur\u0103 se ridic\u0103 gratuit de la casele sta\u021biilor de vale, iar diploma pentru pa\u0219aportul completat de la centrul de informare de l\u00e2ng\u0103 sta\u021bia de vale a areitXpress.<\/p>\n\n\n\n<p class=\"wp-block-paragraph\">Tot la sta\u021bia de sus se afl\u0103 <strong>E-Motocross Park<\/strong>. Adul\u021bii conduc acolo motociclete electrice de motocros; pentru concuren\u021bii mai tineri exist\u0103 zone separate, cu propriile limite de v\u00e2rst\u0103 \u0219i greutate, printre care traseul de exerci\u021biu Schmidolins Feuerstuhl. V\u00e2rsta minim\u0103 pentru traseul principal este de 18 ani, se recomand\u0103 \u00eenscrierea \u00een prealabil, iar pe vreme nefavorabil\u0103 instala\u021bia r\u0103m\u00e2ne \u00eenchis\u0103.<\/p>\n\n\n\n<p class=\"wp-block-paragraph\"><strong>Kids Indoor Park Areit 1400<\/strong> a ap\u0103rut din fosta expozi\u021bie de ma\u0219ini de epoc\u0103 \u0219i este cel mai sincer sfat pentru vremea rea de pe munte: un traseu cu ma\u0219ini cu pedale \u0219i indicatoare rutiere, un castel gonflabil \u0219i, \u00een fosta sta\u021bie de sus a Areitbahn, un traseu cu obstacole pentru ma\u0219inu\u021be telecomandate. La acestea se adaug\u0103 un restaurant montan. Iarna, la sta\u021bia de sus g\u0103si\u021bi \u0219i un magazin de sport \u0219i o \u0219coal\u0103 de schi.<\/p>\n\n\n\n<h2 class=\"wp-block-heading\">Mai sus \u2014 \u0219i ce nu func\u021bioneaz\u0103 vara<\/h2>\n\n\n\n<p class=\"wp-block-paragraph\">De la Areit 1.400, iarna, Areitbahn II \u0219i Glocknerbahn continu\u0103 spre Schmittenh\u00f6he. Vara, niciuna dintre ele nu se afl\u0103 pe lista instala\u021biilor deschise. Aceasta este cea mai important\u0103 informa\u021bie de pe aceast\u0103 pagin\u0103, deoarece provoac\u0103 \u00een mod regulat dezam\u0103gire: vara, areitXpress v\u0103 duce la 1.400 de metri, nu pe v\u00e2rf.<\/p>\n\n\n\n<p class=\"wp-block-paragraph\">Cine dore\u0219te s\u0103 ajung\u0103 vara la Schmittenh\u00f6he continu\u0103 pe jos de la Areit \u2014 re\u021beaua de poteci este bine marcat\u0103, iar diferen\u021ba de nivel r\u0103mas\u0103 p\u00e2n\u0103 la v\u00e2rf este u\u0219or de parcurs \u2014 sau ia direct una dintre celelalte telecabine. Leg\u0103tura direct\u0103 c\u0103tre v\u00e2rf este Schmittenh\u00f6hebahn, \u00een <a href=\"https:\/\/zellamseekaprun.at\/ro\/schmittental-zell-am-see-cazare-statia-de-vale\/\">Schmittental<\/a>; prin cityXpress \u0219i traseul 56 ajunge\u021bi de asemenea \u00een zona Areit.<\/p>\n\n\n\n<p class=\"wp-block-paragraph\">\u0218i invers: dac\u0103 destina\u021bia dumneavoastr\u0103 este oricum oferta familial\u0103 de la 1.400 de metri, areitXpress v\u0103 scute\u0219te complet de ocolul prin ora\u0219.<\/p>\n\n\n\n<h2 class=\"wp-block-heading\">Program \u0219i sezon<\/h2>\n\n\n\n<p class=\"wp-block-paragraph\">\u00cen vara anului 2026, areitXpress circul\u0103 din 23 mai p\u00e2n\u0103 \u00een 13 septembrie, zilnic \u00eentre orele 9 \u0219i 17. E-Motocross Park este deschis din 23 mai, \u00eentre orele 9.30 \u0219i 16. Casele de bilete respect\u0103 programul telecabinelor \u0219i se deschid cu un sfert de or\u0103 mai devreme.<\/p>\n\n\n\n<p class=\"wp-block-paragraph\">Dou\u0103 preciz\u0103ri. \u00cen primul r\u00e2nd, aceste intervale se schimb\u0103 \u00een fiecare sezon; sunt obligatorii exclusiv datele furnizate de Schmittenh\u00f6hebahn AG. \u00cen al doilea r\u00e2nd, areitXpress se \u00eenchide toamna mai devreme dec\u00e2t Schmittenh\u00f6hebahn \u00eens\u0103\u0219i \u2014 cine vrea s\u0103 urce pe munte \u00een octombrie face mai bine s\u0103 \u00ee\u0219i planifice traseul din Schmittental.<\/p>\n\n\n\n<h2 class=\"wp-block-heading\">Pentru cine merit\u0103 areitXpress<\/h2>\n\n\n\n<p class=\"wp-block-paragraph\">areitXpress nu este o atrac\u021bie turistic\u0103, ci un mijloc de transport cu o priveli\u0219te frumoas\u0103. Merit\u0103 clar pentru trei categorii:<\/p>\n\n\n\n<ul class=\"wp-block-list\">\n<li><strong>Familiile cu copii de v\u00e2rst\u0103 \u0219colar\u0103 primar\u0103.<\/strong> Feuertaufe, locul de joac\u0103 \u0219i parcul acoperit se afl\u0103 toate \u00een apropierea sta\u021biei de sus, f\u0103r\u0103 trasee lungi de acces.<\/li>\n<li><strong>Oaspe\u021bii caza\u021bi \u00een Sch\u00fcttdorf.<\/strong> Cel mai scurt acces posibil, f\u0103r\u0103 probleme de parcare, f\u0103r\u0103 autobuz de schi.<\/li>\n<li><strong>Drume\u021bii care intr\u0103 \u00een zon\u0103 dinspre sud.<\/strong> De la Areit se deschide re\u021beaua de poteci a Schmitten f\u0103r\u0103 ocolul prin ora\u0219.<\/li>\n<\/ul>\n\n\n\n<p class=\"wp-block-paragraph\">Telecabina merit\u0103 mai pu\u021bin dac\u0103 v\u0103 dori\u021bi panorama de pe v\u00e2rf \u0219i ave\u021bi doar o zi la dispozi\u021bie. \u00cen acest caz, e mai bine s\u0103 urca\u021bi direct cu Schmittenh\u00f6hebahn \u0219i s\u0103 economisi\u021bi traseul de leg\u0103tur\u0103.<\/p>\n\n\n\n<h2 class=\"wp-block-heading\">Sfaturi pentru vizita dumneavoastr\u0103<\/h2>\n\n\n\n<p class=\"wp-block-paragraph\"><strong>Verifica\u021bi cardul de oaspete \u00eenainte de a cump\u0103ra un bilet.<\/strong> Telecabina de var\u0103 este adesea inclus\u0103 \u00een cardul de oaspete sau de var\u0103 din Zell am See. \u00centreba\u021bi la unitatea dumneavoastr\u0103 de cazare \u2014 acest lucru este valabil pentru multe unit\u0103\u021bi din localitate.<\/p>\n\n\n\n<p class=\"wp-block-paragraph\"><strong>Lua\u021bi pa\u0219aportul de aventur\u0103 de jos.<\/strong> Este disponibil la casele sta\u021biilor de vale, nu sus. Cine \u00eel uit\u0103 parcurge Feuertaufe f\u0103r\u0103 carnetul de ghicitori \u2014 ceea ce, cu copii, reduce la jum\u0103tate motiva\u021bia.<\/p>\n\n\n\n<p class=\"wp-block-paragraph\"><strong>C\u00e2nd vremea este incert\u0103, verifica\u021bi mai \u00eent\u00e2i starea E-Motocross.<\/strong> Instala\u021bia se \u00eenchide pe ploaie, parcul acoperit nu. Dac\u0103 parcul de motocros este motivul excursiei, verifica\u021bi acest lucru \u00eenainte de urcare.<\/p>\n\n\n\n<p class=\"wp-block-paragraph\"><strong>Lua\u021bi \u00eembr\u0103c\u0103minte pe straturi.<\/strong> \u00centre sta\u021bia de vale \u0219i Areit sunt peste 630 de metri diferen\u021b\u0103 de nivel. Chiar \u0219i \u00een zilele c\u0103lduroase, sus este vizibil mai r\u0103coare \u0219i mai v\u00e2ntos.<\/p>\n\n","protected":false},"excerpt":{"rendered":"<p>Pe scurt: areitXpress este telecabina care urc\u0103 din cartierul zellez Sch\u00fcttdorf p\u00e2n\u0103 la Areit 1.400 \u2014 cabine de 10 persoane, aproximativ \u0219apte minute de mers, de la 766 la 1.400 [&hellip;]<\/p>\n","protected":false},"author":1,"featured_media":37657,"comment_status":"open","ping_status":"open","sticky":false,"template":"","format":"standard","meta":{"_zsk_hscroll":false,"footnotes":""},"categories":[709,727],"tags":[],"class_list":["post-37695","post","type-post","status-publish","format-standard","has-post-thumbnail","hentry","category-erlebnisse-ro","category-sommer-ro"],"_links":{"self":[{"href":"https:\/\/zellamseekaprun.at\/ro\/wp-json\/wp\/v2\/posts\/37695","targetHints":{"allow":["GET"]}}],"collection":[{"href":"https:\/\/zellamseekaprun.at\/ro\/wp-json\/wp\/v2\/posts"}],"about":[{"href":"https:\/\/zellamseekaprun.at\/ro\/wp-json\/wp\/v2\/types\/post"}],"author":[{"embeddable":true,"href":"https:\/\/zellamseekaprun.at\/ro\/wp-json\/wp\/v2\/users\/1"}],"replies":[{"embeddable":true,"href":"https:\/\/zellamseekaprun.at\/ro\/wp-json\/wp\/v2\/comments?post=37695"}],"version-history":[{"count":0,"href":"https:\/\/zellamseekaprun.at\/ro\/wp-json\/wp\/v2\/posts\/37695\/revisions"}],"wp:featuredmedia":[{"embeddable":true,"href":"https:\/\/zellamseekaprun.at\/ro\/wp-json\/wp\/v2\/media\/37657"}],"wp:attachment":[{"href":"https:\/\/zellamseekaprun.at\/ro\/wp-json\/wp\/v2\/media?parent=37695"}],"wp:term":[{"taxonomy":"category","embeddable":true,"href":"https:\/\/zellamseekaprun.at\/ro\/wp-json\/wp\/v2\/categories?post=37695"},{"taxonomy":"post_tag","embeddable":true,"href":"https:\/\/zellamseekaprun.at\/ro\/wp-json\/wp\/v2\/tags?post=37695"}],"curies":[{"name":"wp","href":"https:\/\/api.w.org\/{rel}","templated":true}]}}