{"id":35521,"date":"2026-07-27T16:23:42","date_gmt":"2026-07-27T14:23:42","guid":{"rendered":"https:\/\/zellamseekaprun.at\/cea-mai-buna-perioada-zell-am-see-kaprun\/"},"modified":"2026-08-13T12:54:14","modified_gmt":"2026-08-13T10:54:14","slug":"cea-mai-buna-perioada-zell-am-see-kaprun","status":"publish","type":"post","link":"https:\/\/zellamseekaprun.at\/ro\/cea-mai-buna-perioada-zell-am-see-kaprun\/","title":{"rendered":"Cea mai bun\u0103 perioad\u0103 pentru Zell am See \u0219i Kaprun \u2013 ghid complet, lun\u0103 cu lun\u0103"},"content":{"rendered":"<p>S\u0103 \u00eencepem cu concluzia. Dac\u0103 v\u0103 planifica\u021bi din timp o c\u0103l\u0103torie \u00een Austria, la <strong>Zell am See (Zell am See)<\/strong> \u0219i <strong>Kaprun (Kaprun)<\/strong>, cele dou\u0103 perioade cu cea mai mic\u0103 probabilitate de dezam\u0103gire sunt urm\u0103toarele. <strong>De la jum\u0103tatea lui iulie p\u00e2n\u0103 la \u00eenceputul lui septembrie<\/strong> \u2013 singurul interval \u00een care se poate \u00eenota \u00een lac \u0219i \u00een care telecabinele \u0219i cabanele sunt deschise aproape toate. \u0218i <strong>de la jum\u0103tatea lui ianuarie p\u00e2n\u0103 la \u00eenceputul lui martie<\/strong> \u2013 perioada \u00een care z\u0103pada este cea mai stabil\u0103 \u0219i starea p\u00e2rtiilor cea mai bun\u0103. Dac\u0103 vre\u021bi deodat\u0103 fotografii, lini\u0219te \u0219i pre\u021buri bune, atunci <strong>de la jum\u0103tatea lui septembrie p\u00e2n\u0103 la \u00eenceputul lui octombrie<\/strong> este adev\u0103ratul r\u0103spuns ascuns al zonei. \u00cen schimb, intervalul de la jum\u0103tatea lui aprilie p\u00e2n\u0103 la jum\u0103tatea lui mai, precum \u0219i luna noiembrie, sunt o perioad\u0103 de tranzi\u021bie \u00een care telecabinele, restaurantele \u0219i cabanele se \u00eenchid \u00een mas\u0103, a\u0219a c\u0103 nu v\u0103 recomand\u0103m s\u0103 v\u0103 programa\u021bi atunci o c\u0103l\u0103torie rezervat\u0103 din timp.<\/p>\n<h2>Cea mai bun\u0103 perioad\u0103, \u00een func\u021bie de ce vre\u021bi s\u0103 face\u021bi<\/h2>\n<p>Zona nu este o singur\u0103 destina\u021bie, ci de fapt trei. Satul de pe malul lacului, la circa 750 m altitudine; Schmittenh\u00f6he (Schmittenh\u00f6he, 1.965 m), aproape de 2.000 m; \u0219i <strong>ghe\u021barul Kitzsteinhorn (Kitzsteinhorn), la 3.029 m<\/strong> altitudine. Chiar \u0219i \u00een aceea\u0219i zi, diferen\u021ba de temperatur\u0103 dintre cele trei dep\u0103\u0219e\u0219te 15 grade. De aceea, la \u00eentrebarea \u201ec\u00e2nd este cel mai bine?\u201d se poate r\u0103spunde doar dac\u0103 o transforma\u021bi \u00een \u201ece vre\u021bi s\u0103 face\u021bi?\u201d.<\/p>\n<ul>\n<li><strong>\u00cenot \u00een lac, SUP \u0219i plimb\u0103ri cu barca<\/strong> \u2014 de la jum\u0103tatea lui iulie p\u00e2n\u0103 la sf\u00e2r\u0219itul lui august (singurul interval \u00een care apa se \u00eenc\u0103lze\u0219te suficient c\u00e2t s\u0103 po\u021bi intra \u00een ea)<\/li>\n<li><strong>Schi \u0219i snowboard \u00een adev\u0103ratul sens<\/strong> \u2014 de la jum\u0103tatea lui ianuarie p\u00e2n\u0103 la \u00eenceputul lui martie (cel mai bun echilibru \u00eentre calitatea z\u0103pezii \u0219i num\u0103rul de p\u00e2rtii deschise)<\/li>\n<li><strong>Drume\u021bii montane de dificultate medie \u0219i mare<\/strong> \u2014 din iulie p\u00e2n\u0103 la sf\u00e2r\u0219itul lui septembrie (dup\u0103 ce dispar peticele de z\u0103pad\u0103 de pe potecile de altitudine)<\/li>\n<li><strong>Fotografie, culori de toamn\u0103 \u0219i lini\u0219te<\/strong> \u2014 de la jum\u0103tatea lui septembrie p\u00e2n\u0103 la \u00eenceputul lui octombrie (cea\u021ba de diminea\u021b\u0103 de pe lac \u0219i laricii aurii)<\/li>\n<li><strong>Atmosfer\u0103 de t\u00e2rg de Cr\u0103ciun<\/strong> \u2014 de la \u00eenceputul p\u00e2n\u0103 la sf\u00e2r\u0219itul lui decembrie (z\u0103pada nu este \u00eens\u0103 garantat\u0103)<\/li>\n<li><strong>Buget minim<\/strong> \u2014 noiembrie, precum \u0219i de la sf\u00e2r\u0219itul lui aprilie p\u00e2n\u0103 la jum\u0103tatea lui mai (\u00een schimb, multe locuri sunt \u00eenchise)<\/li>\n<li><strong>C\u00e2nd vre\u021bi s\u0103 vede\u021bi z\u0103pad\u0103 \u0219i vara<\/strong> \u2014 oric\u00e2nd \u00een cursul anului, pe platforma panoramic\u0103 de pe Kitzsteinhorn<\/li>\n<\/ul>\n<h2>Decembrie-martie: sezonul schiului \u0219i al ghe\u021barului<\/h2>\n<p>Sezonul de iarn\u0103 \u00eencepe de obicei la \u00eenceputul lui decembrie, odat\u0103 cu deschiderea domeniului Schmittenh\u00f6he, \u0219i \u021bine p\u00e2n\u0103 la \u00eenceputul lui aprilie. Pe partea dinspre Kaprun, <strong>Kitzsteinhorn se deschide mult mai devreme, fiind zon\u0103 de ghe\u021bar<\/strong> \u2013 de regul\u0103 \u00eentre jum\u0103tatea lui octombrie \u0219i noiembrie \u2013 \u0219i func\u021bioneaz\u0103 p\u00e2n\u0103 la sf\u00e2r\u0219itul prim\u0103verii. Datele exacte de deschidere \u0219i de \u00eenchidere difer\u0103 de la un sezon la altul, \u00een func\u021bie de stratul de z\u0103pad\u0103, a\u0219a c\u0103 verifica\u021bi neap\u0103rat calendarul sezonului pe site-ul oficial al operatorului \u00eenainte de a v\u0103 cump\u0103ra biletele de avion.<\/p>\n<p>Lunile difer\u0103 destul de mult \u00eentre ele. <strong>Decembrie<\/strong> are cea mai frumoas\u0103 atmosfer\u0103, dar satul se afl\u0103 la altitudine mic\u0103, a\u0219a c\u0103 z\u0103pada nu este \u00eentotdeauna garantat\u0103. De la Cr\u0103ciun p\u00e2n\u0103 \u00een prima s\u0103pt\u0103m\u00e2n\u0103 a lui ianuarie se adun\u0103 vizitatori din toat\u0103 Europa, iar tarifele de cazare ating maximul anului. <strong>Ianuarie<\/strong> este cea mai rece \u0219i cea mai uscat\u0103 lun\u0103, iar primele dou\u0103-trei s\u0103pt\u0103m\u00e2ni dup\u0103 s\u0103rb\u0103torile de Anul Nou sunt surprinz\u0103tor de lini\u0219tite; pentru cine \u00ee\u0219i planific\u0103 sejurul din timp, acesta este intervalul cu cel mai bun raport calitate-pre\u021b. <strong>Februarie<\/strong> are cea mai bun\u0103 z\u0103pad\u0103, dar se suprapune cu vacan\u021bele \u0219colare din mai multe \u021b\u0103ri europene, a\u0219a c\u0103 p\u00e2rtiile \u0219i cozile la instala\u021biile de urcat sunt cele mai aglomerate. <strong>Martie<\/strong> aduce zile mai lungi \u0219i soare pl\u0103cut, bun pentru un pr\u00e2nz pe teras\u0103. Din ultima parte a lui martie, \u00een schimb, z\u0103pada se \u00eenmoaie dup\u0103-amiaza.<\/p>\n<p>Iarna, temperaturile din timpul zilei din sat se situeaz\u0103 \u00een general \u00eentre minus 2 \u0219i plus 3 grade, \u00een timp ce pe v\u00e2rf coboar\u0103 sub minus 10 grade, iar cu v\u00e2nt temperatura resim\u021bit\u0103 este mult mai sc\u0103zut\u0103. Despre p\u00e2rtii, instala\u021biile de transport pe cablu \u0219i traseele pentru \u00eencep\u0103tori scriem mai pe larg \u00een <a href=\"https:\/\/zellamseekaprun.at\/ro\/schi-in-kaprun-partii-kitzsteinhorn\/\">ghidul de schi din Kaprun<\/a>. Dac\u0103 v\u0103 \u00eenso\u021be\u0219te cineva care nu schiaz\u0103, v\u0103 este de folos <a href=\"https:\/\/zellamseekaprun.at\/ro\/zell-am-see-iarna-ghid\/\">ghidul de iarn\u0103 pentru Zell am See<\/a>.<\/p>\n<h2>Aprilie-mai: perioada de tranzi\u021bie, c\u00e2nd se \u00eenchid por\u021bile<\/h2>\n<p>Este perioada pe care localnicii o numesc <em>Zwischensaison<\/em> (sezonul intermediar). Domeniul schiabil se \u00eenchide la \u00eenceputul sau la jum\u0103tatea lui aprilie, iar telecabinele de var\u0103 \u0219i cabanele se deschid abia la sf\u00e2r\u0219itul lui mai sau \u00een iunie. \u00cen cele c\u00e2teva s\u0103pt\u0103m\u00e2ni dintre ele, o bun\u0103 parte dintre hoteluri \u00ee\u0219i \u00eentrerup complet activitatea, majoritatea gondolelor intr\u0103 \u00een revizie, iar restaurantele de munte c\u0103utate sunt \u0219i ele \u00eencuiate. Pe potecile de sus mai r\u0103m\u00e2ne z\u0103pad\u0103, iar \u00een zonele joase terenul este noroios din cauza apei de topire.<\/p>\n<p>Cu toate acestea, exist\u0103 situa\u021bii \u00een care perioada nu este deloc rea. Dac\u0103 bugetul este pe primul loc \u0219i v\u0103 mul\u021bumi\u021bi cu plimb\u0103ri pe teren plat \u00een jurul lacului, cu bicicleta, cu spa \u0219i cu o tur\u0103 prin sat, pre\u021burile sunt cu siguran\u021b\u0103 atr\u0103g\u0103toare. Dac\u0103 v\u0103 face\u021bi un program mai ales \u00een interior, sfaturile din <a href=\"https:\/\/zellamseekaprun.at\/ro\/zell-am-see-kaprun-ieftin\/\">ghidul de c\u0103l\u0103torie cu buget redus<\/a> se potrivesc mai ales acestei perioade. Dac\u0103 \u00eens\u0103 veni\u021bi de departe \u0219i pl\u0103ti\u021bi un drum \u00eentreg p\u00e2n\u0103 aici, nu v\u0103 recomand\u0103m acest interval.<\/p>\n<p>De re\u021binut \u0219i c\u0103 faimosul <strong>drum alpin Gro\u00dfglockner<\/strong> se deschide de obicei \u00een jurul \u00eenceputului lui mai \u0219i se \u00eenchide la sf\u00e2r\u0219itul lui octombrie sau la \u00eenceputul lui noiembrie, iar noaptea circula\u021bia este restric\u021bionat\u0103. Dac\u0103 veni\u021bi la \u00eenceputul lui mai, verifica\u021bi dinainte dac\u0103 este deschis. Pentru detalii, consulta\u021bi <a href=\"https:\/\/zellamseekaprun.at\/ro\/grossglockner-hochalpenstrasse-drum-panoramic\/\">ghidul drumului alpin Gro\u00dfglockner<\/a>.<\/p>\n","protected":false},"excerpt":{"rendered":"<p>\u00cenot \u00een lac \u00een iulie \u0219i august, schi din ianuarie p\u00e2n\u0103 \u00een martie, fotografie \u00een septembrie. Am adunat vremea lun\u0103 cu lun\u0103 din Zell am See \u0219i Kaprun, ce este deschis \u00een fiecare sezon \u0219i o strategie de calendar pentru cei care \u00ee\u0219i rezerv\u0103 c\u0103l\u0103toria cu luni bune \u00eenainte.<\/p>\n","protected":false},"author":1,"featured_media":643,"comment_status":"open","ping_status":"open","sticky":false,"template":"","format":"standard","meta":{"_zsk_hscroll":false,"footnotes":""},"categories":[1154],"tags":[],"class_list":["post-35521","post","type-post","status-publish","format-standard","has-post-thumbnail","hentry","category-info-practice-cum-ajungi"],"_links":{"self":[{"href":"https:\/\/zellamseekaprun.at\/ro\/wp-json\/wp\/v2\/posts\/35521","targetHints":{"allow":["GET"]}}],"collection":[{"href":"https:\/\/zellamseekaprun.at\/ro\/wp-json\/wp\/v2\/posts"}],"about":[{"href":"https:\/\/zellamseekaprun.at\/ro\/wp-json\/wp\/v2\/types\/post"}],"author":[{"embeddable":true,"href":"https:\/\/zellamseekaprun.at\/ro\/wp-json\/wp\/v2\/users\/1"}],"replies":[{"embeddable":true,"href":"https:\/\/zellamseekaprun.at\/ro\/wp-json\/wp\/v2\/comments?post=35521"}],"version-history":[{"count":0,"href":"https:\/\/zellamseekaprun.at\/ro\/wp-json\/wp\/v2\/posts\/35521\/revisions"}],"wp:featuredmedia":[{"embeddable":true,"href":"https:\/\/zellamseekaprun.at\/ro\/wp-json\/wp\/v2\/media\/643"}],"wp:attachment":[{"href":"https:\/\/zellamseekaprun.at\/ro\/wp-json\/wp\/v2\/media?parent=35521"}],"wp:term":[{"taxonomy":"category","embeddable":true,"href":"https:\/\/zellamseekaprun.at\/ro\/wp-json\/wp\/v2\/categories?post=35521"},{"taxonomy":"post_tag","embeddable":true,"href":"https:\/\/zellamseekaprun.at\/ro\/wp-json\/wp\/v2\/tags?post=35521"}],"curies":[{"name":"wp","href":"https:\/\/api.w.org\/{rel}","templated":true}]}}