{"id":37686,"date":"2026-08-29T14:57:27","date_gmt":"2026-08-29T12:57:27","guid":{"rendered":"https:\/\/zellamseekaprun.at\/areitxpress-schuttdorf-areit-1400-pt\/"},"modified":"2026-08-29T14:57:27","modified_gmt":"2026-08-29T12:57:27","slug":"areitxpress-schuttdorf-areit-1400-pt","status":"publish","type":"post","link":"https:\/\/zellamseekaprun.at\/pt\/areitxpress-schuttdorf-areit-1400-pt\/","title":{"rendered":"areitXpress: de Sch\u00fcttdorf at\u00e9 Areit 1.400"},"content":{"rendered":"\n<p class=\"wp-block-paragraph\"><strong>Em resumo:<\/strong> O areitXpress \u00e9 a telecabine que sobe do bairro zelense de <a href=\"https:\/\/zellamseekaprun.at\/pt\/schuttdorf-zell-am-see-pt\/\">Sch\u00fcttdorf<\/a> at\u00e9 Areit 1.400 \u2014 cabines para 10 pessoas, cerca de sete minutos de percurso, de 766 a 1.400 metros. N\u00e3o \u00e9 o telef\u00e9rico at\u00e9 o cume da <a href=\"https:\/\/zellamseekaprun.at\/pt\/schmittenhohe-montanha-panoramica\/\">Schmittenh\u00f6he<\/a>, mas sim o acesso mais r\u00e1pido \u00e0 \u00e1rea de caminhadas a partir do lado sul do lago. Quem se hospeda em Sch\u00fcttdorf a tem \u00e0 porta. Esta p\u00e1gina explica o que realmente h\u00e1 na esta\u00e7\u00e3o de montanha, como seguir a partir de l\u00e1 e o que n\u00e3o funciona no ver\u00e3o.<\/p>\n\n\n\n<h2 class=\"wp-block-heading\">De Sch\u00fcttdorf at\u00e9 1.400 metros<\/h2>\n\n\n\n<p class=\"wp-block-paragraph\">A esta\u00e7\u00e3o de vale fica em Sch\u00fcttdorf, o maior bairro de Zell am See, a 766 metros. A partir dali, a telecabine para 10 pessoas leva-o at\u00e9 1.400 metros em cerca de sete minutos \u2014 um desn\u00edvel de mais de 630 metros. As cabines t\u00eam wifi e bancos aquecidos, algo que conta mais no inverno do que em julho.<\/p>\n\n\n\n<p class=\"wp-block-paragraph\">O valor pr\u00e1tico est\u00e1 na localiza\u00e7\u00e3o. Sch\u00fcttdorf tem mais camas do que qualquer outro bairro do munic\u00edpio, e a esta\u00e7\u00e3o de vale fica bem no meio dele. Quem se hospeda aqui n\u00e3o precisa nem de carro nem de autocarro para chegar \u00e0 montanha. Na esta\u00e7\u00e3o de vale h\u00e1 um parque de estacionamento pr\u00f3prio, al\u00e9m de postos de carregamento para carros e bicicletas el\u00e9tricas; o centro de informa\u00e7\u00e3o do operador das telef\u00e9ricos tamb\u00e9m fica ali.<\/p>\n\n\n\n<p class=\"wp-block-paragraph\">Um ponto que costuma gerar confus\u00e3o: \u00abAreit\u00bb n\u00e3o \u00e9 uma localidade, mas o nome da zona a 1.400 metros. O que os mapas e folhetos indicam como \u00abAreit 1400\u00bb \u00e9 a \u00e1rea da esta\u00e7\u00e3o de montanha com as suas instala\u00e7\u00f5es \u2014 nem uma aldeia, nem o cume.<\/p>\n\n\n\n<p class=\"wp-block-paragraph\">E mais uma quest\u00e3o de nomes: em Sch\u00fcttdorf, em placas mais antigas e em muitas descri\u00e7\u00f5es de alojamentos, fala-se da \u00abAreitbahn\u00bb. Quase sempre isso se refere ao areitXpress. J\u00e1 a Areitbahn II \u00e9 uma instala\u00e7\u00e3o distinta, situada mais acima, que n\u00e3o funciona no ver\u00e3o. Se o seu alojamento anuncia proximidade \u00e0 \u00abAreitbahn\u00bb, refere-se \u00e0 esta\u00e7\u00e3o de vale do areitXpress \u2014 e em Sch\u00fcttdorf essa indica\u00e7\u00e3o costuma estar correta.<\/p>\n\n\n\n<h2 class=\"wp-block-heading\">O que espera na esta\u00e7\u00e3o de montanha<\/h2>\n\n\n\n<p class=\"wp-block-paragraph\">Areit 1.400 n\u00e3o \u00e9 apenas um ponto de transbordo. Em torno da esta\u00e7\u00e3o de montanha h\u00e1 uma oferta familiar bem integrada, que torna a excurs\u00e3o v\u00e1lida mesmo que ningu\u00e9m queira continuar a caminhar.<\/p>\n\n\n\n<p class=\"wp-block-paragraph\">Mesmo junto \u00e0 esta\u00e7\u00e3o de montanha come\u00e7a o <strong>Schmidolins Feuertaufe<\/strong>, um trilho de aventura com enigmas e desafios em torno do drag\u00e3o da Schmitten. No percurso fica o parque infantil Schmidolins Drachenfeuer, com uma torre de jogos. A utiliza\u00e7\u00e3o do trilho est\u00e1 inclu\u00edda no bilhete do telef\u00e9rico; o passe de aventura correspondente pode ser retirado gratuitamente nas bilheteiras das esta\u00e7\u00f5es de vale, e o certificado do passe preenchido no centro de informa\u00e7\u00e3o junto \u00e0 esta\u00e7\u00e3o de vale do areitXpress.<\/p>\n\n\n\n<p class=\"wp-block-paragraph\">Tamb\u00e9m na esta\u00e7\u00e3o de montanha fica o <strong>E-Motocross Park<\/strong>. Os adultos conduzem ali motos de motocross el\u00e9tricas; para os mais jovens existem \u00e1reas separadas com os seus pr\u00f3prios limites de idade e peso, incluindo o percurso de treino Schmidolins Feuerstuhl. A idade m\u00ednima para o circuito principal \u00e9 18 anos, recomenda-se inscri\u00e7\u00e3o pr\u00e9via, e a instala\u00e7\u00e3o permanece fechada em caso de mau tempo.<\/p>\n\n\n\n<p class=\"wp-block-paragraph\">O <strong>Kids Indoor Park Areit 1400<\/strong> nasceu da antiga exposi\u00e7\u00e3o de carros cl\u00e1ssicos e \u00e9 a dica mais honesta para o mau tempo na montanha: uma pista de carrinhos com sinais de tr\u00e2nsito, um insufl\u00e1vel e, na antiga esta\u00e7\u00e3o de montanha da Areitbahn, um circuito de obst\u00e1culos para carros telecomandados. H\u00e1 ainda um restaurante de montanha. No inverno, encontrar\u00e1 tamb\u00e9m uma loja de desporto e uma escola de esqui na esta\u00e7\u00e3o de montanha.<\/p>\n\n\n\n<h2 class=\"wp-block-heading\">Mais acima \u2014 e o que n\u00e3o funciona no ver\u00e3o<\/h2>\n\n\n\n<p class=\"wp-block-paragraph\">A partir de Areit 1.400, no inverno a Areitbahn II e a Glocknerbahn continuam em dire\u00e7\u00e3o \u00e0 Schmittenh\u00f6he. No ver\u00e3o, nenhuma delas est\u00e1 na lista das instala\u00e7\u00f5es abertas. Esta \u00e9 a informa\u00e7\u00e3o mais importante desta p\u00e1gina, porque costuma causar dece\u00e7\u00e3o: no ver\u00e3o, o areitXpress leva-o at\u00e9 1.400 metros, n\u00e3o ao cume.<\/p>\n\n\n\n<p class=\"wp-block-paragraph\">Quem quiser chegar \u00e0 Schmittenh\u00f6he no ver\u00e3o continua a p\u00e9 a partir de Areit \u2014 a rede de trilhos est\u00e1 bem sinalizada e o desn\u00edvel restante at\u00e9 o cume \u00e9 ger\u00edvel \u2014 ou apanha diretamente outro telef\u00e9rico. A liga\u00e7\u00e3o direta ao cume \u00e9 a Schmittenh\u00f6hebahn, no <a href=\"https:\/\/zellamseekaprun.at\/pt\/vale-de-schmittental\/\">Schmittental<\/a>; atrav\u00e9s do cityXpress e da Route 56 tamb\u00e9m se chega \u00e0 \u00e1rea de Areit.<\/p>\n\n\n\n<p class=\"wp-block-paragraph\">Ao contr\u00e1rio: se o seu destino \u00e9 de qualquer forma a oferta familiar a 1.400 metros, o areitXpress permite evitar completamente o desvio pela cidade.<\/p>\n\n\n\n<h2 class=\"wp-block-heading\">Hor\u00e1rios e temporada<\/h2>\n\n\n\n<p class=\"wp-block-paragraph\">No ver\u00e3o de 2026, o areitXpress funciona de 23 de maio a 13 de setembro, todos os dias das 9 \u00e0s 17 horas. O E-Motocross Park est\u00e1 aberto a partir de 23 de maio, das 9h30 \u00e0s 16 horas. As bilheteiras seguem os hor\u00e1rios dos telef\u00e9ricos e abrem um quarto de hora antes.<\/p>\n\n\n\n<p class=\"wp-block-paragraph\">Duas ressalvas. Primeiro, estes hor\u00e1rios mudam a cada temporada; s\u00f3 s\u00e3o vinculativas as indica\u00e7\u00f5es da Schmittenh\u00f6hebahn AG. Segundo, o areitXpress fecha mais cedo no outono do que a pr\u00f3pria Schmittenh\u00f6hebahn \u2014 quem quiser subir \u00e0 montanha em outubro far\u00e1 melhor planeando a partir do Schmittental.<\/p>\n\n\n\n<h2 class=\"wp-block-heading\">Para quem vale a pena o areitXpress<\/h2>\n\n\n\n<p class=\"wp-block-paragraph\">O areitXpress n\u00e3o \u00e9 uma atra\u00e7\u00e3o tur\u00edstica, mas sim um meio de transporte com boa vista. Vale claramente a pena para tr\u00eas grupos:<\/p>\n\n\n\n<ul class=\"wp-block-list\">\n<li><strong>Fam\u00edlias com crian\u00e7as em idade escolar prim\u00e1ria.<\/strong> Feuertaufe, parque infantil e parque coberto ficam todos perto da esta\u00e7\u00e3o de montanha, sem longos acessos.<\/li>\n<li><strong>H\u00f3spedes alojados em Sch\u00fcttdorf.<\/strong> O acesso mais curto poss\u00edvel, sem problemas de estacionamento, sem autocarro de esqui.<\/li>\n<li><strong>Caminhantes que entram na \u00e1rea pelo sul.<\/strong> A partir de Areit, a rede de trilhos da Schmitten abre-se sem o desvio pela cidade.<\/li>\n<\/ul>\n\n\n\n<p class=\"wp-block-paragraph\">O telef\u00e9rico vale menos a pena se procura o panorama do cume e disp\u00f5e apenas de um dia. Nesse caso, \u00e9 melhor subir diretamente com a Schmittenh\u00f6hebahn e poupar o trajeto de liga\u00e7\u00e3o.<\/p>\n\n\n\n<h2 class=\"wp-block-heading\">Dicas para a sua visita<\/h2>\n\n\n\n<p class=\"wp-block-paragraph\"><strong>Verifique o seu cart\u00e3o de h\u00f3spede antes de comprar um bilhete.<\/strong> O telef\u00e9rico de ver\u00e3o costuma estar inclu\u00eddo no cart\u00e3o de h\u00f3spede ou de ver\u00e3o em Zell am See. Pergunte no seu alojamento \u2014 isto aplica-se a muitos estabelecimentos da localidade.<\/p>\n\n\n\n<p class=\"wp-block-paragraph\"><strong>Leve o passe de aventura l\u00e1 de baixo.<\/strong> Ele est\u00e1 dispon\u00edvel nas bilheteiras das esta\u00e7\u00f5es de vale, n\u00e3o em cima. Quem se esquece faz o Feuertaufe sem o caderno de enigmas \u2014 o que, com crian\u00e7as, tira metade da gra\u00e7a.<\/p>\n\n\n\n<p class=\"wp-block-paragraph\"><strong>Em caso de tempo incerto, verifique primeiro o estado do E-Motocross.<\/strong> A instala\u00e7\u00e3o fecha com chuva, o parque coberto n\u00e3o. Se o parque de motocross for o motivo da excurs\u00e3o, verifique isso antes de subir.<\/p>\n\n\n\n<p class=\"wp-block-paragraph\"><strong>Leve roupa em camadas.<\/strong> Entre a esta\u00e7\u00e3o de vale e Areit h\u00e1 mais de 630 metros de desn\u00edvel. Mesmo em dias quentes, l\u00e1 em cima est\u00e1 notavelmente mais fresco e ventoso.<\/p>\n\n","protected":false},"excerpt":{"rendered":"<p>Em resumo: O areitXpress \u00e9 a telecabine que sobe do bairro zelense de Sch\u00fcttdorf at\u00e9 Areit 1.400 \u2014 cabines para 10 pessoas, cerca de sete minutos de percurso, de 766 [&hellip;]<\/p>\n","protected":false},"author":1,"featured_media":37656,"comment_status":"open","ping_status":"open","sticky":false,"template":"","format":"standard","meta":{"_zsk_hscroll":false,"footnotes":""},"categories":[317,322],"tags":[],"class_list":["post-37686","post","type-post","status-publish","format-standard","has-post-thumbnail","hentry","category-erlebnisse-pt","category-sommer-pt"],"_links":{"self":[{"href":"https:\/\/zellamseekaprun.at\/pt\/wp-json\/wp\/v2\/posts\/37686","targetHints":{"allow":["GET"]}}],"collection":[{"href":"https:\/\/zellamseekaprun.at\/pt\/wp-json\/wp\/v2\/posts"}],"about":[{"href":"https:\/\/zellamseekaprun.at\/pt\/wp-json\/wp\/v2\/types\/post"}],"author":[{"embeddable":true,"href":"https:\/\/zellamseekaprun.at\/pt\/wp-json\/wp\/v2\/users\/1"}],"replies":[{"embeddable":true,"href":"https:\/\/zellamseekaprun.at\/pt\/wp-json\/wp\/v2\/comments?post=37686"}],"version-history":[{"count":0,"href":"https:\/\/zellamseekaprun.at\/pt\/wp-json\/wp\/v2\/posts\/37686\/revisions"}],"wp:featuredmedia":[{"embeddable":true,"href":"https:\/\/zellamseekaprun.at\/pt\/wp-json\/wp\/v2\/media\/37656"}],"wp:attachment":[{"href":"https:\/\/zellamseekaprun.at\/pt\/wp-json\/wp\/v2\/media?parent=37686"}],"wp:term":[{"taxonomy":"category","embeddable":true,"href":"https:\/\/zellamseekaprun.at\/pt\/wp-json\/wp\/v2\/categories?post=37686"},{"taxonomy":"post_tag","embeddable":true,"href":"https:\/\/zellamseekaprun.at\/pt\/wp-json\/wp\/v2\/tags?post=37686"}],"curies":[{"name":"wp","href":"https:\/\/api.w.org\/{rel}","templated":true}]}}