{"id":26427,"global_id":"zellamseekaprun.at\/pt\/?id=26427","global_id_lineage":["zellamseekaprun.at\/pt\/?id=26427"],"author":"1","status":"publish","date":"2026-06-25 10:13:52","date_utc":"2026-06-25 08:13:52","modified":"2026-07-02 20:34:05","modified_utc":"2026-07-02 18:34:05","url":"https:\/\/zellamseekaprun.at\/pt\/veranstaltung\/sagenhafte-nacht-des-wassers-sigmund-thun-klamm-kaprun-pt\/","rest_url":"https:\/\/zellamseekaprun.at\/pt\/wp-json\/tribe\/events\/v1\/events\/26427","title":"Noite Lend\u00e1ria da \u00c1gua na Sigmund-Thun-Klamm","description":"<p class=\"wp-block-paragraph\">Quando a escurid\u00e3o cai, a Sigmund-Thun-Klamm em Kaprun transforma-se num mundo misterioso de luz e \u00e1gua rugidora. No passeio noturno guiado de segunda-feira, 29 de junho de 2026, a partir das 20h00, o percurso segue pela passarela de madeira de 340 metros, mesmo no meio da garganta iluminada. Durante cerca de duas horas, fam\u00edlias e amantes da natureza vivem de perto o som da \u00e1gua e o ambiente m\u00edstico da garganta.<\/p>","excerpt":"","slug":"sagenhafte-nacht-des-wassers-sigmund-thun-klamm-kaprun-pt","image":{"url":"https:\/\/zellamseekaprun.at\/wp-content\/uploads\/2026\/06\/view-towards-lake-zell-and-the-center-of-zell-am-see-hd.jpg","id":367,"extension":"jpg","width":1280,"height":1920,"filesize":911411,"sizes":{"medium":{"width":200,"height":300,"mime-type":"image\/jpeg","filesize":18326,"url":"https:\/\/zellamseekaprun.at\/wp-content\/uploads\/2026\/06\/view-towards-lake-zell-and-the-center-of-zell-am-see-hd-200x300.jpg"},"large":{"width":683,"height":1024,"mime-type":"image\/jpeg","filesize":208997,"url":"https:\/\/zellamseekaprun.at\/wp-content\/uploads\/2026\/06\/view-towards-lake-zell-and-the-center-of-zell-am-see-hd-683x1024.jpg"},"thumbnail":{"width":150,"height":150,"mime-type":"image\/jpeg","filesize":6676,"url":"https:\/\/zellamseekaprun.at\/wp-content\/uploads\/2026\/06\/view-towards-lake-zell-and-the-center-of-zell-am-see-hd-150x150.jpg"},"medium_large":{"width":768,"height":1152,"mime-type":"image\/jpeg","filesize":266195,"url":"https:\/\/zellamseekaprun.at\/wp-content\/uploads\/2026\/06\/view-towards-lake-zell-and-the-center-of-zell-am-see-hd-768x1152.jpg"},"1536x1536":{"width":1024,"height":1536,"mime-type":"image\/jpeg","filesize":469961,"url":"https:\/\/zellamseekaprun.at\/wp-content\/uploads\/2026\/06\/view-towards-lake-zell-and-the-center-of-zell-am-see-hd-1024x1536.jpg"},"qi_addons_for_elementor_image_size_square":{"width":650,"height":650,"mime-type":"image\/jpeg","filesize":123478,"url":"https:\/\/zellamseekaprun.at\/wp-content\/uploads\/2026\/06\/view-towards-lake-zell-and-the-center-of-zell-am-see-hd-650x650.jpg"},"qi_addons_for_elementor_image_size_landscape":{"width":1280,"height":650,"mime-type":"image\/jpeg","filesize":294958,"url":"https:\/\/zellamseekaprun.at\/wp-content\/uploads\/2026\/06\/view-towards-lake-zell-and-the-center-of-zell-am-see-hd-1280x650.jpg"},"qi_addons_for_elementor_image_size_portrait":{"width":650,"height":1300,"mime-type":"image\/jpeg","filesize":259930,"url":"https:\/\/zellamseekaprun.at\/wp-content\/uploads\/2026\/06\/view-towards-lake-zell-and-the-center-of-zell-am-see-hd-650x1300.jpg"},"qi_addons_for_elementor_image_size_huge-square":{"width":1280,"height":1300,"mime-type":"image\/jpeg","filesize":613275,"url":"https:\/\/zellamseekaprun.at\/wp-content\/uploads\/2026\/06\/view-towards-lake-zell-and-the-center-of-zell-am-see-hd-1280x1300.jpg"}}},"all_day":false,"start_date":"2026-08-31 20:00:00","start_date_details":{"year":"2026","month":"08","day":"31","hour":"20","minutes":"00","seconds":"00"},"end_date":"2026-08-31 22:00:00","end_date_details":{"year":"2026","month":"08","day":"31","hour":"22","minutes":"00","seconds":"00"},"utc_start_date":"2026-08-31 18:00:00","utc_start_date_details":{"year":"2026","month":"08","day":"31","hour":"18","minutes":"00","seconds":"00"},"utc_end_date":"2026-08-31 20:00:00","utc_end_date_details":{"year":"2026","month":"08","day":"31","hour":"20","minutes":"00","seconds":"00"},"timezone":"Europe\/Vienna","timezone_abbr":"CEST","cost":"","cost_details":{"currency_symbol":"","currency_code":"","currency_position":"","values":[]},"website":"https:\/\/www.zellamsee-kaprun.com\/de\/event\/sagenhafte-nacht-des-wassers~11946\/1782756000","show_map":false,"show_map_link":false,"hide_from_listings":false,"sticky":false,"featured":false,"categories":[{"name":"Eventos","slug":"events-pt","term_group":0,"term_taxonomy_id":332,"taxonomy":"tribe_events_cat","description":"","parent":0,"count":90,"filter":"raw","id":332,"urls":{"self":"https:\/\/zellamseekaprun.at\/pt\/wp-json\/tribe\/events\/v1\/categories\/332","collection":"https:\/\/zellamseekaprun.at\/pt\/wp-json\/tribe\/events\/v1\/categories"}}],"tags":[],"venue":{"id":39108,"author":"1","status":"publish","date":"2026-08-29 17:38:06","date_utc":"2026-08-29 15:38:06","modified":"2026-08-29 17:38:06","modified_utc":"2026-08-29 15:38:06","url":"https:\/\/zellamseekaprun.at\/local\/sigmund-thun-klamm\/","venue":"Sigmund Thun Klamm","slug":"sigmund-thun-klamm","city":"Zell am See","country":"\u00d6sterreich","province":"Salzburg","stateprovince":"Salzburg","json_ld":{"@type":"Place","name":"Sigmund Thun Klamm","description":"","url":"","address":{"@type":"PostalAddress","addressLocality":"Zell am See","addressRegion":"Salzburg","addressCountry":"\u00d6sterreich"},"telephone":"","sameAs":""},"show_map":true,"show_map_link":true,"global_id":"zellamseekaprun.at\/pt\/?id=39108","global_id_lineage":["zellamseekaprun.at\/pt\/?id=39108"]},"organizer":[],"custom_fields":[],"json_ld":{"@context":"http:\/\/schema.org","@type":"Event","name":"Noite Lend\u00e1ria da \u00c1gua na Sigmund-Thun-Klamm","description":"Descubra a Sigmund-Thun-Klamm iluminada \u00e0 noite: um passeio guiado de duas horas pela passarela de madeira, entre \u00e1gua rugidora e ambiente m\u00edstico.","image":"https:\/\/zellamseekaprun.at\/wp-content\/uploads\/2026\/06\/view-towards-lake-zell-and-the-center-of-zell-am-see-hd.jpg","url":"https:\/\/zellamseekaprun.at\/pt\/veranstaltung\/sagenhafte-nacht-des-wassers-sigmund-thun-klamm-kaprun-pt\/","eventAttendanceMode":"https:\/\/schema.org\/OfflineEventAttendanceMode","eventStatus":"https:\/\/schema.org\/EventScheduled","startDate":"2026-08-31T20:00:00+02:00","endDate":"2026-08-31T22:00:00+02:00","location":{"@type":"Place","name":"Sigmund Thun Klamm","description":"","url":"","address":{"@type":"PostalAddress","addressLocality":"Zell am See","addressRegion":"Salzburg","addressCountry":"\u00d6sterreich"},"telephone":"","sameAs":""},"performer":"Organization"}}