{"id":37694,"date":"2026-08-29T14:57:32","date_gmt":"2026-08-29T12:57:32","guid":{"rendered":"https:\/\/zellamseekaprun.at\/areitxpress-schuttdorf-areit-1400-hu\/"},"modified":"2026-08-29T14:57:32","modified_gmt":"2026-08-29T12:57:32","slug":"areitxpress-schuttdorf-areit-1400-hu","status":"publish","type":"post","link":"https:\/\/zellamseekaprun.at\/hu\/areitxpress-schuttdorf-areit-1400-hu\/","title":{"rendered":"areitXpress: Sch\u00fcttdorft\u00f3l az Areit 1.400-ig"},"content":{"rendered":"\n<p class=\"wp-block-paragraph\"><strong>R\u00f6viden:<\/strong> Az areitXpress az a kabinos felvon\u00f3, amely a zelli <a href=\"https:\/\/zellamseekaprun.at\/hu\/schuettdorf-zell-am-see-lakohely\/\">Sch\u00fcttdorf<\/a> v\u00e1rosr\u00e9szb\u0151l az Areit 1.400-ra visz fel \u2014 10 szem\u00e9lyes kabinok, k\u00f6r\u00fclbel\u00fcl h\u00e9t perc menetid\u0151, 766-r\u00f3l 1.400 m\u00e9terre. Nem az a felvon\u00f3, amely a <a href=\"https:\/\/zellamseekaprun.at\/hu\/schmittenhohe\/\">Schmittenh\u00f6he<\/a> cs\u00facs\u00e1ra visz, hanem a leggyorsabb bel\u00e9p\u00e9s a t\u00farater\u00fcletre a t\u00f3 d\u00e9li oldal\u00e1r\u00f3l. Aki Sch\u00fcttdorfban lakik, annak az ajtaja el\u0151tt van. Ez az oldal elmagyar\u00e1zza, mi is tal\u00e1lhat\u00f3 val\u00f3j\u00e1ban a hegyi \u00e1llom\u00e1son, hogyan lehet onnan tov\u00e1bb menni, \u00e9s mi nem \u00fczemel ny\u00e1ron.<\/p>\n\n\n\n<h2 class=\"wp-block-heading\">Sch\u00fcttdorft\u00f3l 1.400 m\u00e9terig<\/h2>\n\n\n\n<p class=\"wp-block-paragraph\">A v\u00f6lgy\u00e1llom\u00e1s Sch\u00fcttdorfban \u00e1ll, Zell am See legnagyobb v\u00e1rosr\u00e9sz\u00e9ben, 766 m\u00e9teren. Onnan a 10 szem\u00e9lyes kabinos felvon\u00f3 k\u00f6r\u00fclbel\u00fcl h\u00e9t perc alatt viszi fel 1.400 m\u00e9terre \u2014 j\u00f3 630 m\u00e9teres szintk\u00fcl\u00f6nbs\u00e9g. A kabinokban wifi \u00e9s f\u0171t\u00f6tt \u00fcl\u00e9s van, ami t\u00e9len t\u00f6bbet sz\u00e1m\u00edt, mint j\u00faliusban.<\/p>\n\n\n\n<p class=\"wp-block-paragraph\">A gyakorlati \u00e9rt\u00e9k a fekv\u00e9sben rejlik. Sch\u00fcttdorfban van a telep\u00fcl\u00e9s legt\u00f6bb \u00e1gya, \u00e9s a v\u00f6lgy\u00e1llom\u00e1s pontosan a k\u00f6zep\u00e9n \u00e1ll. Aki itt lakik, sem aut\u00f3ra, sem buszra nincs sz\u00fcks\u00e9ge a hegyhez. A v\u00f6lgy\u00e1llom\u00e1sn\u00e1l saj\u00e1t parkol\u00f3, valamint elektromos aut\u00f3- \u00e9s ker\u00e9kp\u00e1rt\u00f6lt\u0151k tal\u00e1lhat\u00f3k; ott van a hegyi felvon\u00f3 \u00fczemeltet\u0151j\u00e9nek inf\u00f3k\u00f6zpontja is.<\/p>\n\n\n\n<p class=\"wp-block-paragraph\">Egy pont, amely gyakran zavart okoz: az \u201eAreit&#8221; nem telep\u00fcl\u00e9s, hanem az 1.400 m\u00e9teren fekv\u0151 terepszakasz neve. Amit a t\u00e9rk\u00e9pek \u00e9s prospektusok \u201eAreit 1400&#8243;-k\u00e9nt jel\u00f6lnek, az a hegyi \u00e1llom\u00e1s ter\u00fclete a l\u00e9tes\u00edtm\u00e9nyeivel \u2014 nem falu \u00e9s nem is a cs\u00facs.<\/p>\n\n\n\n<p class=\"wp-block-paragraph\">\u00c9s m\u00e9g egy elnevez\u00e9si k\u00e9rd\u00e9s: Sch\u00fcttdorfban, r\u00e9gebbi \u00fatjelz\u0151k\u00f6n \u00e9s sok sz\u00e1ll\u00e1shely le\u00edr\u00e1s\u00e1ban az \u201eAreitbahn&#8221; szerepel. Ezen szinte mindig az areitXpress \u00e9rtend\u0151. Az Areitbahn II ezzel szemben egy \u00f6n\u00e1ll\u00f3, feljebb fekv\u0151 berendez\u00e9s, amely ny\u00e1ron nem \u00fczemel. Ha a sz\u00e1ll\u00e1sa az \u201eAreitbahn&#8221; k\u00f6zels\u00e9g\u00e9vel hirdet, akkor az areitXpress v\u00f6lgy\u00e1llom\u00e1s\u00e1ra gondol \u2014 \u00e9s Sch\u00fcttdorfban ez az inform\u00e1ci\u00f3 t\u00f6bbnyire helyt\u00e1ll\u00f3.<\/p>\n\n\n\n<h2 class=\"wp-block-heading\">Mi v\u00e1rja a hegyi \u00e1llom\u00e1son<\/h2>\n\n\n\n<p class=\"wp-block-paragraph\">Az Areit 1.400 nem csup\u00e1n \u00e1tsz\u00e1ll\u00f3pont. A hegyi \u00e1llom\u00e1s k\u00f6r\u00fcl egy \u00f6sszef\u00fcgg\u0151 csal\u00e1di k\u00edn\u00e1lat tal\u00e1lhat\u00f3, amely akkor is meg\u00e9ri a kir\u00e1ndul\u00e1st, ha senki sem szeretne tov\u00e1bb gyalogolni.<\/p>\n\n\n\n<p class=\"wp-block-paragraph\">K\u00f6zvetlen\u00fcl a hegyi \u00e1llom\u00e1sn\u00e1l kezd\u0151dik a <strong>Schmidolins Feuertaufe<\/strong>, egy kaland\u00f6sv\u00e9ny rejtv\u00e9nyekkel \u00e9s feladatokkal a Schmitten-s\u00e1rk\u00e1ny k\u00f6r\u00fcl. \u00datk\u00f6zben tal\u00e1lhat\u00f3 a Schmidolins Drachenfeuer \u00e9lm\u00e9nyj\u00e1tsz\u00f3t\u00e9r egy j\u00e1t\u00e9ktoronnyal. Az \u00f6sv\u00e9ny haszn\u00e1lata a felvon\u00f3jegy \u00e1r\u00e1ban benne van; a kaland\u00fatlev\u00e9l a v\u00f6lgy\u00e1llom\u00e1sok p\u00e9nzt\u00e1raiban ingyenesen ig\u00e9nyelhet\u0151, a kit\u00f6lt\u00f6tt \u00fatlev\u00e9l\u00e9rt j\u00e1r\u00f3 oklev\u00e9l pedig az areitXpress v\u00f6lgy\u00e1llom\u00e1s\u00e1n\u00e1l tal\u00e1lhat\u00f3 inf\u00f3k\u00f6zpontban.<\/p>\n\n\n\n<p class=\"wp-block-paragraph\">Szint\u00e9n a hegyi \u00e1llom\u00e1son tal\u00e1lhat\u00f3 az <strong>E-Motocross Park<\/strong>. Feln\u0151ttek itt elektromos motokrossz motorokon vezethetnek; a fiatalabb versenyz\u0151k sz\u00e1m\u00e1ra k\u00fcl\u00f6n ter\u00fcletek vannak saj\u00e1t kor- \u00e9s s\u00falyhat\u00e1rokkal, k\u00f6zt\u00fck a Schmidolins Feuerstuhl gyakorl\u00f3p\u00e1lya. A f\u0151p\u00e1ly\u00e1hoz a minim\u00e1lis \u00e9letkor 18 \u00e9v, el\u0151zetes bejelentkez\u00e9s aj\u00e1nlott, rossz id\u0151 eset\u00e9n pedig a l\u00e9tes\u00edtm\u00e9ny z\u00e1rva marad.<\/p>\n\n\n\n<p class=\"wp-block-paragraph\">A <strong>Kids Indoor Park Areit 1400<\/strong> a kor\u00e1bbi veter\u00e1n aut\u00f3 ki\u00e1ll\u00edt\u00e1sb\u00f3l j\u00f6tt l\u00e9tre, \u00e9s a leghitelesebb rossz id\u0151s tipp a hegyen: gokartp\u00e1lya k\u00f6zleked\u00e9si t\u00e1bl\u00e1kkal, ugr\u00e1l\u00f3v\u00e1r, valamint az Areitbahn egykori hegyi \u00e1llom\u00e1s\u00e1n akad\u00e1lyp\u00e1lya t\u00e1vir\u00e1ny\u00edt\u00f3s modellaut\u00f3knak. Mindehhez egy hegyi \u00e9tterem is t\u00e1rsul. T\u00e9len a hegyi \u00e1llom\u00e1son sportbolt \u00e9s s\u00ediskola is tal\u00e1lhat\u00f3.<\/p>\n\n\n\n<h2 class=\"wp-block-heading\">Feljebb \u2014 \u00e9s mi nem \u00fczemel ny\u00e1ron<\/h2>\n\n\n\n<p class=\"wp-block-paragraph\">Az Areit 1.400-r\u00f3l t\u00e9len az Areitbahn II \u00e9s a Glocknerbahn vezet tov\u00e1bb a Schmittenh\u00f6he ir\u00e1ny\u00e1ba. Ny\u00e1ron egyik sem szerepel a nyitva tart\u00f3 felvon\u00f3k list\u00e1j\u00e1n. Ez az oldal legfontosabb inform\u00e1ci\u00f3ja, mert rendszeresen csal\u00f3d\u00e1st okoz: ny\u00e1ron az areitXpress 1.400 m\u00e9terre visz fel, nem a cs\u00facsra.<\/p>\n\n\n\n<p class=\"wp-block-paragraph\">Aki ny\u00e1ron a Schmittenh\u00f6h\u00e9re szeretne feljutni, az Areitt\u0151l gyalog folytatja az utat \u2014 az \u00f6sv\u00e9nyh\u00e1l\u00f3zat j\u00f3l jelzett, a cs\u00facsig h\u00e1tral\u00e9v\u0151 szintk\u00fcl\u00f6nbs\u00e9g pedig kezelhet\u0151 \u2014, vagy r\u00f6gt\u00f6n egy m\u00e1sik felvon\u00f3t vesz ig\u00e9nybe. A cs\u00facshoz vezet\u0151 k\u00f6zvetlen \u00f6sszek\u00f6ttet\u00e9s a Schmittenh\u00f6hebahn a <a href=\"https:\/\/zellamseekaprun.at\/hu\/schmittental-zell-am-see-lakohely\/\">Schmittentalban<\/a>; a cityXpresszel \u00e9s az 56-os \u00faton kereszt\u00fcl is el\u00e9rhet\u0151 az Areit-ter\u00fclet.<\/p>\n\n\n\n<p class=\"wp-block-paragraph\">Ford\u00edtva is igaz: ha \u00fagyis az 1.400 m\u00e9teren tal\u00e1lhat\u00f3 csal\u00e1di k\u00edn\u00e1lat a c\u00e9lja, az areitXpresszel teljesen megsp\u00f3rolhatja a v\u00e1roson \u00e1t vezet\u0151 ker\u00fcl\u0151t.<\/p>\n\n\n\n<h2 class=\"wp-block-heading\">\u00dczemid\u0151 \u00e9s szezon<\/h2>\n\n\n\n<p class=\"wp-block-paragraph\">2026 nyar\u00e1n az areitXpress m\u00e1jus 23-t\u00f3l szeptember 13-ig \u00fczemel, naponta 9 \u00e9s 17 \u00f3ra k\u00f6z\u00f6tt. Az E-Motocross Park m\u00e1jus 23-t\u00f3l 9.30 \u00e9s 16 \u00f3ra k\u00f6z\u00f6tt tart nyitva. A p\u00e9nzt\u00e1rak a felvon\u00f3k \u00fczemidej\u00e9hez igazodnak, \u00e9s mindig negyed\u00f3r\u00e1val kor\u00e1bban nyitnak.<\/p>\n\n\n\n<p class=\"wp-block-paragraph\">Ehhez k\u00e9t megk\u00f6t\u00e9s tartozik. El\u0151sz\u00f6r is, ezek az id\u0151ablakok szezononk\u00e9nt v\u00e1ltoznak; kiz\u00e1r\u00f3lag a Schmittenh\u00f6hebahn AG adatai k\u00f6telez\u0151 \u00e9rv\u00e9ny\u0171ek. M\u00e1sodszor, az areitXpress \u0151sszel kor\u00e1bban z\u00e1r, mint maga a Schmittenh\u00f6hebahn \u2014 aki okt\u00f3berben szeretne feljutni a hegyre, jobban teszi, ha a Schmittentalb\u00f3l tervezi az utat.<\/p>\n\n\n\n<h2 class=\"wp-block-heading\">Kinek \u00e9ri meg az areitXpress<\/h2>\n\n\n\n<p class=\"wp-block-paragraph\">Az areitXpress nem l\u00e1tv\u00e1nyoss\u00e1g, hanem egy sz\u00e9p kil\u00e1t\u00e1ssal b\u00edr\u00f3 k\u00f6zleked\u00e9si eszk\u00f6z. Egy\u00e9rtelm\u0171en meg\u00e9ri h\u00e1rom csoportnak:<\/p>\n\n\n\n<ul class=\"wp-block-list\">\n<li><strong>Als\u00f3 tagozatos kor\u00fa gyermekes csal\u00e1doknak.<\/strong> A Feuertaufe, a j\u00e1tsz\u00f3t\u00e9r \u00e9s a fedett park mind a hegyi \u00e1llom\u00e1s k\u00f6zel\u00e9ben tal\u00e1lhat\u00f3, hossz\u00fa megk\u00f6zel\u00edt\u00e9s n\u00e9lk\u00fcl.<\/li>\n<li><strong>Sch\u00fcttdorfban megsz\u00e1ll\u00f3 vend\u00e9geknek.<\/strong> A lehet\u0151 legr\u00f6videbb megk\u00f6zel\u00edt\u00e9s, nincs parkol\u00e1si probl\u00e9ma, nincs s\u00edbusz.<\/li>\n<li><strong>D\u00e9l fel\u0151l \u00e9rkez\u0151 t\u00far\u00e1z\u00f3knak.<\/strong> Az Areitt\u0151l kiindulva megny\u00edlik a Schmitten \u00f6sv\u00e9nyh\u00e1l\u00f3zata a v\u00e1roson \u00e1t vezet\u0151 ker\u00fcl\u0151 n\u00e9lk\u00fcl.<\/li>\n<\/ul>\n\n\n\n<p class=\"wp-block-paragraph\">A felvon\u00f3 kev\u00e9sb\u00e9 \u00e9ri meg, ha a cs\u00facspanor\u00e1m\u00e1t keresi, \u00e9s csak egy napja van. Ebben az esetben ink\u00e1bb k\u00f6zvetlen\u00fcl a Schmittenh\u00f6hebahnnal menjen fel, \u00e9s sp\u00f3rolja meg a csatlakoz\u00f3 \u00fatvonalat.<\/p>\n\n\n\n<h2 class=\"wp-block-heading\">Tippek a l\u00e1togat\u00e1shoz<\/h2>\n\n\n\n<p class=\"wp-block-paragraph\"><strong>Jegyv\u00e1s\u00e1rl\u00e1s el\u0151tt ellen\u0151rizze a vend\u00e9gk\u00e1rty\u00e1j\u00e1t.<\/strong> A ny\u00e1ri hegyi felvon\u00f3 Zell am Seeben gyakran benne van a vend\u00e9g- vagy ny\u00e1ri k\u00e1rty\u00e1ban. K\u00e9rdezzen r\u00e1 a sz\u00e1ll\u00e1s\u00e1n \u2014 ez sok helyi v\u00e1llalkoz\u00e1sra igaz.<\/p>\n\n\n\n<p class=\"wp-block-paragraph\"><strong>A kaland\u00fatlevelet lent vegye fel.<\/strong> A v\u00f6lgy\u00e1llom\u00e1sok p\u00e9nzt\u00e1raiban \u00e9rhet\u0151 el, nem fent. Aki elfelejti, rejtv\u00e9nyf\u00fczet n\u00e9lk\u00fcl v\u00e1gja neki a Feuertauf\u00e9nak \u2014 ami gyerekekkel a motiv\u00e1ci\u00f3 fel\u00e9t elviszi.<\/p>\n\n\n\n<p class=\"wp-block-paragraph\"><strong>Bizonytalan id\u0151 eset\u00e9n el\u0151sz\u00f6r az E-Motocross \u00e1llapot\u00e1t n\u00e9zze meg.<\/strong> A l\u00e9tes\u00edtm\u00e9ny es\u0151ben bez\u00e1r, a fedett park nem. Ha a motokrosszpark a kir\u00e1ndul\u00e1s oka, ezt ellen\u0151rizze felmenetel el\u0151tt.<\/p>\n\n\n\n<p class=\"wp-block-paragraph\"><strong>Csomagoljon r\u00e9teges ruh\u00e1zatot.<\/strong> A v\u00f6lgy\u00e1llom\u00e1s \u00e9s az Areit k\u00f6z\u00f6tt j\u00f3 630 m\u00e9teres szintk\u00fcl\u00f6nbs\u00e9g van. Meleg napokon is \u00e9rezhet\u0151en h\u0171v\u00f6sebb \u00e9s szelesebb van fent.<\/p>\n\n","protected":false},"excerpt":{"rendered":"<p>R\u00f6viden: Az areitXpress az a kabinos felvon\u00f3, amely a zelli Sch\u00fcttdorf v\u00e1rosr\u00e9szb\u0151l az Areit 1.400-ra visz fel \u2014 10 szem\u00e9lyes kabinok, k\u00f6r\u00fclbel\u00fcl h\u00e9t perc menetid\u0151, 766-r\u00f3l 1.400 m\u00e9terre. Nem az [&hellip;]<\/p>\n","protected":false},"author":1,"featured_media":37651,"comment_status":"open","ping_status":"open","sticky":false,"template":"","format":"standard","meta":{"_zsk_hscroll":false,"footnotes":""},"categories":[706,724],"tags":[],"class_list":["post-37694","post","type-post","status-publish","format-standard","has-post-thumbnail","hentry","category-erlebnisse-hu","category-sommer-hu"],"_links":{"self":[{"href":"https:\/\/zellamseekaprun.at\/hu\/wp-json\/wp\/v2\/posts\/37694","targetHints":{"allow":["GET"]}}],"collection":[{"href":"https:\/\/zellamseekaprun.at\/hu\/wp-json\/wp\/v2\/posts"}],"about":[{"href":"https:\/\/zellamseekaprun.at\/hu\/wp-json\/wp\/v2\/types\/post"}],"author":[{"embeddable":true,"href":"https:\/\/zellamseekaprun.at\/hu\/wp-json\/wp\/v2\/users\/1"}],"replies":[{"embeddable":true,"href":"https:\/\/zellamseekaprun.at\/hu\/wp-json\/wp\/v2\/comments?post=37694"}],"version-history":[{"count":0,"href":"https:\/\/zellamseekaprun.at\/hu\/wp-json\/wp\/v2\/posts\/37694\/revisions"}],"wp:featuredmedia":[{"embeddable":true,"href":"https:\/\/zellamseekaprun.at\/hu\/wp-json\/wp\/v2\/media\/37651"}],"wp:attachment":[{"href":"https:\/\/zellamseekaprun.at\/hu\/wp-json\/wp\/v2\/media?parent=37694"}],"wp:term":[{"taxonomy":"category","embeddable":true,"href":"https:\/\/zellamseekaprun.at\/hu\/wp-json\/wp\/v2\/categories?post=37694"},{"taxonomy":"post_tag","embeddable":true,"href":"https:\/\/zellamseekaprun.at\/hu\/wp-json\/wp\/v2\/tags?post=37694"}],"curies":[{"name":"wp","href":"https:\/\/api.w.org\/{rel}","templated":true}]}}