{"id":37676,"date":"2026-08-29T14:57:24","date_gmt":"2026-08-29T12:57:24","guid":{"rendered":"https:\/\/zellamseekaprun.at\/maiskogel-3k-konnection-ut-a-gleccserig\/"},"modified":"2026-08-29T14:57:24","modified_gmt":"2026-08-29T12:57:24","slug":"maiskogel-3k-konnection-ut-a-gleccserig","status":"publish","type":"post","link":"https:\/\/zellamseekaprun.at\/hu\/maiskogel-3k-konnection-ut-a-gleccserig\/","title":{"rendered":"Maiskogel \u00e9s a 3K K-onnection: Kaprun \u00fatja a gleccserig"},"content":{"rendered":"\n<p class=\"wp-block-paragraph\"><strong>R\u00f6viden:<\/strong> a Maiskogel Kaprun h\u00e1zi\u00e1ja \u2014 1 570 m\u00e9ter, alpesi legel\u0151k, j\u00e1tsz\u00f3t\u00e9r, kezd\u0151knek val\u00f3 ker\u00e9kp\u00e1ros trail. \u00d6nmag\u00e1ban egy nyugodt csal\u00e1di hegy. Att\u00f3l v\u00e1lik izgalmass\u00e1, ami a hegyi \u00e1llom\u00e1s\u00e1n kezd\u0151dik: a <strong>3K K-onnection<\/strong>, egy h\u00e1romk\u00f6tel\u0171 gondola, amely a Maiskogelt a Kaprun-v\u00f6lgy\u00f6n \u00e1t\u00edvelve \u00f6sszek\u00f6ti a <a href=\"https:\/\/zellamseekaprun.at\/hu\/kitzsteinhorn-gleccser-gipfelwelt-3000\/\">Kitzsteinhorn<\/a> gleccservid\u00e9k\u00e9vel. Csak ez\u00e1ltal j\u00f6n l\u00e9tre a folyamatos felvon\u00f3l\u00e1nc a falu k\u00f6zpontj\u00e1t\u00f3l eg\u00e9szen 3 029 m\u00e9terig. Ez az oldal elmagyar\u00e1zza, hogyan m\u0171k\u00f6dik egy\u00fctt a k\u00e9t felvon\u00f3, mi v\u00e1r val\u00f3j\u00e1ban fent a Maiskogelen, \u00e9s mi\u00e9rt nem \u00fczemel egyforma ideig a k\u00e9t p\u00e1lya.<\/p>\n\n\n\n<h2 class=\"wp-block-heading\">Az MK Maiskogelbahn: a falu k\u00f6zpontj\u00e1t\u00f3l 1 570 m\u00e9terig<\/h2>\n\n\n\n<p class=\"wp-block-paragraph\">Az MK Maiskogelbahn egyk\u00f6tel\u0171 k\u00f6rforg\u00f3 gondola, t\u00edzszem\u00e9lyes kabinokkal, k\u00e9t szakaszban. <a href=\"https:\/\/zellamseekaprun.at\/hu\/kaprun-felfedezese\/\">Kaprun<\/a> k\u00f6zpontj\u00e1b\u00f3l indul, 768 m\u00e9terr\u0151l, meg\u00e1ll a Stanger k\u00f6z\u00e9p\u00e1llom\u00e1sn\u00e1l, 1 137 m\u00e9teren, \u00e9s a Maiskogel hegyi \u00e1llom\u00e1s\u00e1n v\u00e9gz\u0151dik, 1 570 m\u00e9teren.<\/p>\n\n\n\n<p class=\"wp-block-paragraph\">A val\u00f3ban figyelemre m\u00e9lt\u00f3 pont a v\u00f6lgy\u00e1llom\u00e1s. A falu k\u00f6zep\u00e9n \u00e1ll, nem egy hegyi \u00fat v\u00e9g\u00e9n, \u00e9s nem is egy peremi parkol\u00f3ban. Aki Kaprunban sz\u00e1ll meg, gyalog el\u00e9r oda. Ez trivi\u00e1lisan hangzik, de ez az el\u0151felt\u00e9tele mindennek, ami ezut\u00e1n k\u00f6vetkezik: e n\u00e9lk\u00fcl a falubeli kiindul\u00f3pont n\u00e9lk\u00fcl a gleccserig vezet\u0151 l\u00e1nc csup\u00e1n egy \u00fajabb feljut\u00e1s lenne, amit parkol\u00f3keres\u00e9s el\u0151z meg.<\/p>\n\n\n\n<p class=\"wp-block-paragraph\">Sok vend\u00e9g sz\u00e1m\u00e1ra a kir\u00e1ndul\u00e1s a hegyi \u00e1llom\u00e1sn\u00e1l \u00e9r v\u00e9get \u2014 \u00e9s ez jogos d\u00f6nt\u00e9s, nem egy f\u00e9lbehagyott kir\u00e1ndul\u00e1s. A Maiskogel egy puha, f\u00fcves hegy, alpesi legel\u0151kkel \u00e9s t\u00e1g kil\u00e1t\u00e1ssal, nem magashegys\u00e9g. Aki gyerekekkel utazik, vagy egyszer\u0171en csak egy d\u00e9lut\u00e1nt szeretne a hegyen t\u00f6lteni, itt gyakran jobban j\u00e1r, mint 3000 m\u00e9teren.<\/p>\n\n\n\n<h2 class=\"wp-block-heading\">A 3K K-onnection: h\u00e1romk\u00f6tel\u0171 gondola a v\u00f6lgy f\u00f6l\u00f6tt<\/h2>\n\n\n\n<p class=\"wp-block-paragraph\">A Maiskogel hegyi \u00e1llom\u00e1s\u00e1n kezd\u0151dik a 3K K-onnection. 4 311 m\u00e9teres p\u00e1ly\u00e1n, 9,1 perc alatt viszi az utasokat a Maiskogelr\u0151l (1 570 m) Langwiedbe (1 975 m), a Kitzsteinhornon. 32 kabin, kabinonk\u00e9nt 32 f\u0151, \u00f3r\u00e1nk\u00e9nt ak\u00e1r 2 700 f\u0151 sz\u00e1ll\u00edt\u00e1s\u00e1ra k\u00e9pes, legfeljebb 8 m\u00e9ter\/m\u00e1sodperc sebess\u00e9ggel. 2019. november 30. \u00f3ta \u00fczemel.<\/p>\n\n\n\n<p class=\"wp-block-paragraph\">A \u201e3K\u201d a fel\u00e9p\u00edt\u00e9sre utal: egy Doppelmayr-f\u00e9le h\u00e1romk\u00f6tel\u0171 k\u00f6rforg\u00f3 gondola, vagyis k\u00e9t tart\u00f3k\u00f6t\u00e9l plusz egy von\u00f3k\u00f6t\u00e9l, ahelyett hogy egyetlen k\u00f6t\u00e9l l\u00e1tn\u00e1 el mindk\u00e9t feladatot egyszerre. Az utasok sz\u00e1m\u00e1ra a l\u00e1that\u00f3 k\u00fcl\u00f6nbs\u00e9g els\u0151sorban a kabinok m\u00e9rete \u00e9s a v\u00f6lgy f\u00f6l\u00f6tti szabad \u00edvek hossza. K\u00e9t gondola \u201eExplorer\u201d kivitel\u0171, \u00e9s 360 fokos panor\u00e1makil\u00e1t\u00e1st k\u00edn\u00e1l.<\/p>\n\n\n\n<p class=\"wp-block-paragraph\">T\u00e1jk\u00e9pi szempontb\u00f3l az utaz\u00e1s az eg\u00e9sz l\u00e1nc leg\u00e9rdekesebb szakasza. Lent alpesi r\u00e9tek \u00e9s erd\u0151, fent t\u00f6rmel\u00e9k, szikla \u00e9s firn: a felvon\u00f3 n\u00e9h\u00e1ny kilom\u00e9teren n\u00e9gy kl\u00edmaz\u00f3n\u00e1n halad \u00e1t, \u00e9s az \u00e1tmenetet az ablakon kereszt\u00fcl l\u00e1tja az ember, ahelyett hogy elmagyar\u00e1zn\u00e1k neki.<\/p>\n\n\n\n<h2 class=\"wp-block-heading\">A falu k\u00f6zpontj\u00e1t\u00f3l 3 029 m\u00e9terig<\/h2>\n\n\n\n<p class=\"wp-block-paragraph\">Mindezt \u00f6sszevetve egy l\u00e1nc j\u00f6n l\u00e9tre Kaprun (768 m\u00e9ter) \u00e9s a TOP OF SALZBURG (3 029 m\u00e9ter) k\u00f6z\u00f6tt: 2 261 m\u00e9ter szintk\u00fcl\u00f6nbs\u00e9g, k\u00f6r\u00fclbel\u00fcl tizenk\u00e9t kilom\u00e9ter, ak\u00e1r hat felvon\u00f3 \u2014 ez a legnagyobb szintk\u00fcl\u00f6nbs\u00e9g, amely a Keleti-Alpokban b\u00e1rhol folyamatosan felvon\u00f3val lek\u00fczdhet\u0151.<\/p>\n\n\n\n<p class=\"wp-block-paragraph\">Gyakorlatban ez azt jelenti: a falu k\u00f6zpontj\u00e1ban sz\u00e1ll fel, \u00e9s a gleccserhez \u00e9rkezik an\u00e9lk\u00fcl, hogy k\u00f6zben aut\u00f3ra, buszra vagy d\u00edjk\u00f6teles \u00fatra lenne sz\u00fcks\u00e9ge. Hogy mi v\u00e1r fent \u2014 panor\u00e1maplatform, alag\u00fat, a nemzeti park vil\u00e1ga \u2014, azt r\u00e9szletesen le\u00edrja a <a href=\"https:\/\/zellamseekaprun.at\/hu\/gipfelwelt-3000\/\">Gipfelwelt 3000<\/a>-r\u00f3l sz\u00f3l\u00f3 cikk\u00fcnk.<\/p>\n\n\n\n<p class=\"wp-block-paragraph\">Re\u00e1lis megjegyz\u00e9s az id\u0151beoszt\u00e1shoz: hat szakasz hat fel- \u00e9s lesz\u00e1ll\u00e1st jelent kabinonk\u00e9nt. A felfel\u00e9 vezet\u0151 \u00fathoz, a v\u00e1rakoz\u00e1si id\u0151kkel egy\u00fctt, sz\u00e1m\u00edtson j\u00f3val t\u00f6bbre a tiszta menetid\u0151n\u00e9l, \u00e9s az utols\u00f3 felvon\u00e1shoz igazodjon, ne a z\u00e1r\u00e1si id\u0151h\u00f6z.<\/p>\n\n\n\n<h2 class=\"wp-block-heading\">Mi v\u00e1r mag\u00e1n a Maiskogelen<\/h2>\n\n\n\n<p class=\"wp-block-paragraph\">A hegy egy eg\u00e9sz napra el\u00e9g programot k\u00edn\u00e1l, m\u00e9g gleccser n\u00e9lk\u00fcl is. A k\u00edn\u00e1lat megoszlik a hegyi \u00e1llom\u00e1s \u00e9s a hegy l\u00e1ba, azaz a falu k\u00f6z\u00f6tt:<\/p>\n\n\n\n<ul class=\"wp-block-list\">\n<li><strong>Kil\u00e1t\u00f3terasz 1 570 m\u00e9teren,<\/strong> k\u00f6zvetlen\u00fcl a hegyi \u00e1llom\u00e1s \u00e9p\u00fclet\u00e9n\u00e9l, kil\u00e1t\u00e1ssal a Pinzgau f\u00fcves hegyeire, a Salzach-v\u00f6lgyre \u00e9s a Zeller See-re.<\/li>\n<li><strong>Maiskogel mened\u00e9kh\u00e1zk\u00f6rt\u00fara:<\/strong> a hegyi \u00e1llom\u00e1st\u00f3l indul\u00f3 legk\u00e9zenfekv\u0151bb t\u00fara, amely \u00fatk\u00f6zben t\u00f6bb kiszolg\u00e1lt alpesi mened\u00e9kh\u00e1z mellett vezet el.<\/li>\n<li><strong>J\u00e1tsz\u00f3t\u00e9r a hegyi \u00e1llom\u00e1s el\u0151tt,<\/strong> goly\u00f3p\u00e1ly\u00e1val, m\u00e1sz\u00f3fallal, cs\u00faszd\u00e1val \u00e9s hint\u00e1kkal \u2014 ez az oka, hogy a csal\u00e1dok itt gyakran tov\u00e1bb maradnak a tervezettn\u00e9l.<\/li>\n<li><strong>Maiskogel Trail:<\/strong> a hegyi \u00e1llom\u00e1sr\u00f3l indul\u00f3 hegyiker\u00e9kp\u00e1ros p\u00e1lya, amelyet az \u00fczemeltet\u0151 kifejezetten kezd\u0151 \u00e9s csal\u00e1di terepnek jel\u00f6l meg.<\/li>\n<li><strong>Maisi Flitzer \u00e9s a csal\u00e1di \u00e9s szabadid\u0151park<\/strong> lent a faluban, a Kaprun Center mellett, a v\u00f6lgy\u00e1llom\u00e1sn\u00e1l. A Maisi Flitzer eg\u00e9sz \u00e9vben nyitva tart\u00f3 alpesi bobp\u00e1lya: 730 m\u00e9ter felvezet\u0151 p\u00e1lya, 1 300 m\u00e9ter lejt\u0151, sebess\u00e9ge ak\u00e1r 40 km\/h, \u00f6n\u00e1ll\u00f3an szab\u00e1lyozhat\u00f3, kb. tizenk\u00e9t perces menetid\u0151vel. A h\u00e1rom-h\u00e9t \u00e9ves gyerekek k\u00eds\u00e9r\u0151vel utaznak, nyolc \u00e9ves kort\u00f3l \u00e9s 1,25 m\u00e9teres testmagass\u00e1gt\u00f3l egyed\u00fcl is mehetnek.<\/li>\n<\/ul>\n\n\n\n<h2 class=\"wp-block-heading\">\u00dczemid\u0151k: a k\u00e9t felvon\u00f3 nem egyforma ideig \u00fczemel<\/h2>\n\n\n\n<p class=\"wp-block-paragraph\">Itt siklik f\u00e9lre a legt\u00f6bb kir\u00e1ndul\u00e1s. Az MK Maiskogelbahn \u00e9s a 3K K-onnection elt\u00e9r\u0151 szezon\u00e1lis id\u0151szakokban \u00fczemel. A 2026-os ny\u00e1ron a 3K K-onnection j\u00fanius 27. \u00e9s szeptember 13. k\u00f6z\u00f6tt k\u00f6zlekedik. Az MK Maiskogelbahn j\u00f3val hosszabb ideig, eg\u00e9szen az \u0151szig \u00fczemel \u2014 okt\u00f3ber 4-ig, majd \u00fajra okt\u00f3ber 24. \u00e9s november 1. k\u00f6z\u00f6tt.<\/p>\n\n\n\n<p class=\"wp-block-paragraph\">Ez konkr\u00e9tan azt jelenti: aki szeptember v\u00e9g\u00e9n vagy okt\u00f3berben \u00e9rkezik a Maiskogelbahnhoz, eljut a Maiskogelre, de a gleccserre nem. Ez nem \u00fczemzavar \u00e9s nem is kiv\u00e9tel, hanem a szok\u00e1sos \u00fczemrend. A Kitzsteinhornhoz vezet\u0151 \u00fat ilyenkor a gleccserfelvon\u00f3k v\u00f6lgy\u00e1llom\u00e1s\u00e1n \u00e9s a Gletscherjeten kereszt\u00fcl vezet, nem a Maiskogelen \u00e1t.<\/p>\n\n\n\n<p class=\"wp-block-paragraph\">Ny\u00e1ron a napi nyitvatart\u00e1s k\u00f6r\u00fclbel\u00fcl 9-t\u0151l 17 \u00f3r\u00e1ig tart az MK Maiskogelbahn eset\u00e9ben, \u00e9s kb. 9.30-t\u00f3l 16.45-ig a 3K K-onnection eset\u00e9ben, mindkett\u0151n\u00e9l l\u00e9nyegesen kor\u00e1bbi utols\u00f3 felvon\u00e1ssal. Ezek az id\u0151pontok az id\u0151j\u00e1r\u00e1st\u00f3l \u00e9s az \u00fczemi helyzett\u0151l f\u00fcggenek, \u00e9s v\u00e1ltozhatnak; kiz\u00e1r\u00f3lag a Gletscherbahnen Kaprun aznapi adatai k\u00f6telez\u0151 \u00e9rv\u00e9ny\u0171ek.<\/p>\n\n\n\n<h2 class=\"wp-block-heading\">Tippek a l\u00e1togat\u00e1shoz<\/h2>\n\n\n\n<p class=\"wp-block-paragraph\"><strong>Induljon kor\u00e1n, ha a gleccser a c\u00e9lja.<\/strong> A v\u00f6lgyb\u0151l a TOP OF SALZBURG-ig aj\u00e1nlott utols\u00f3 felvon\u00e1s kora d\u00e9lut\u00e1n van \u2014 aki csak d\u00e9lben sz\u00e1ll fel, fent m\u00e1r nem marad ideje, \u00e9s kock\u00e1ztatja, hogy sietve kell visszaindulnia.<\/p>\n\n\n\n<p class=\"wp-block-paragraph\"><strong>\u00d6lt\u00f6zz\u00f6n melegen, akkor is, ha lent meleg van.<\/strong> A l\u00e1nc 2 261 m\u00e9ter szintk\u00fcl\u00f6nbs\u00e9get gy\u0151z le. A h\u0151m\u00e9rs\u00e9klet-k\u00fcl\u00f6nbs\u00e9g a v\u00f6lgy\u00e1llom\u00e1s \u00e9s a cs\u00facs k\u00f6z\u00f6tt k\u00e1nikul\u00e1ban jelent\u0151s, \u00e9s ehhez j\u00f6n m\u00e9g a sz\u00e9l.<\/p>\n\n\n\n<p class=\"wp-block-paragraph\"><strong>El\u0151re ellen\u0151rizze a hegyi kil\u00e1t\u00e1st.<\/strong> Z\u00e1rt felh\u0151zet eset\u00e9n a felutaz\u00e1s csak egy sz\u00fcrkes\u00e9gben tett utaz\u00e1s. V\u00f6lgyi hidegl\u00e9gp\u00e1rna, azaz k\u00f6dr\u00e9teg eset\u00e9n viszont gyakran pont ford\u00edtva van \u2014 ilyenkor a kir\u00e1ndul\u00e1s k\u00fcl\u00f6n\u00f6sen meg\u00e9ri.<\/p>\n\n\n\n<p class=\"wp-block-paragraph\"><strong>Ne kezelje a Maiskogelt puszta \u00e1tsz\u00e1ll\u00f3\u00e1llom\u00e1sk\u00e9nt.<\/strong> Ha az id\u0151j\u00e1r\u00e1s a gleccsern\u00e9l nem megfelel\u0151, a Maiskogel jobb B terv, mint a visszat\u00e9r\u00e9s a v\u00f6lgybe.<\/p>\n\n\n\n<h2 class=\"wp-block-heading\">Mikor \u00e9ri meg a felutaz\u00e1s<\/h2>\n\n\n\n<p class=\"wp-block-paragraph\">\u00d6nmag\u00e1ban a Maiskogelhez el\u00e9g f\u00e9l nap \u00e9s egy \u00e1tlagos ny\u00e1ri nap. A teljes l\u00e1nchoz, eg\u00e9szen 3 029 m\u00e9terig, a h\u00e9t legtiszt\u00e1bb napj\u00e1t v\u00e1lassza, ne a legk\u00e9nyelmesebbet \u2014 ennek a kir\u00e1ndul\u00e1snak az \u00e9rt\u00e9ke a kil\u00e1t\u00e1son \u00e1ll vagy bukik.<\/p>\n\n\n\n<p class=\"wp-block-paragraph\">Ha az id\u0151j\u00e1r\u00e1s a hegyen nem egy\u00fcttm\u0171k\u00f6d\u0151, az alternat\u00edv\u00e1k egym\u00e1s k\u00f6zel\u00e9ben vannak a Kaprun-v\u00f6lgyben: a <a href=\"https:\/\/zellamseekaprun.at\/hu\/sigmund-thun-klamm-kaprun\/\">Sigmund-Thun-szurdok<\/a> lent, a Kapruner Ache mellett, \u00e9s stabil id\u0151j\u00e1r\u00e1s eset\u00e9n a <a href=\"https:\/\/zellamseekaprun.at\/hu\/magashegyi-tarozok-kaprun\/\">magashegyi t\u00e1roz\u00f3k<\/a>, beljebb a v\u00f6lgyben.<\/p>\n\n","protected":false},"excerpt":{"rendered":"<p>R\u00f6viden: a Maiskogel Kaprun h\u00e1zi\u00e1ja \u2014 1 570 m\u00e9ter, alpesi legel\u0151k, j\u00e1tsz\u00f3t\u00e9r, kezd\u0151knek val\u00f3 ker\u00e9kp\u00e1ros trail. \u00d6nmag\u00e1ban egy nyugodt csal\u00e1di hegy. Att\u00f3l v\u00e1lik izgalmass\u00e1, ami a hegyi \u00e1llom\u00e1s\u00e1n kezd\u0151dik: a [&hellip;]<\/p>\n","protected":false},"author":1,"featured_media":37627,"comment_status":"open","ping_status":"open","sticky":false,"template":"","format":"standard","meta":{"_zsk_hscroll":false,"footnotes":""},"categories":[706,724],"tags":[],"class_list":["post-37676","post","type-post","status-publish","format-standard","has-post-thumbnail","hentry","category-erlebnisse-hu","category-sommer-hu"],"_links":{"self":[{"href":"https:\/\/zellamseekaprun.at\/hu\/wp-json\/wp\/v2\/posts\/37676","targetHints":{"allow":["GET"]}}],"collection":[{"href":"https:\/\/zellamseekaprun.at\/hu\/wp-json\/wp\/v2\/posts"}],"about":[{"href":"https:\/\/zellamseekaprun.at\/hu\/wp-json\/wp\/v2\/types\/post"}],"author":[{"embeddable":true,"href":"https:\/\/zellamseekaprun.at\/hu\/wp-json\/wp\/v2\/users\/1"}],"replies":[{"embeddable":true,"href":"https:\/\/zellamseekaprun.at\/hu\/wp-json\/wp\/v2\/comments?post=37676"}],"version-history":[{"count":0,"href":"https:\/\/zellamseekaprun.at\/hu\/wp-json\/wp\/v2\/posts\/37676\/revisions"}],"wp:featuredmedia":[{"embeddable":true,"href":"https:\/\/zellamseekaprun.at\/hu\/wp-json\/wp\/v2\/media\/37627"}],"wp:attachment":[{"href":"https:\/\/zellamseekaprun.at\/hu\/wp-json\/wp\/v2\/media?parent=37676"}],"wp:term":[{"taxonomy":"category","embeddable":true,"href":"https:\/\/zellamseekaprun.at\/hu\/wp-json\/wp\/v2\/categories?post=37676"},{"taxonomy":"post_tag","embeddable":true,"href":"https:\/\/zellamseekaprun.at\/hu\/wp-json\/wp\/v2\/tags?post=37676"}],"curies":[{"name":"wp","href":"https:\/\/api.w.org\/{rel}","templated":true}]}}