{"id":37692,"date":"2026-08-29T14:57:31","date_gmt":"2026-08-29T12:57:31","guid":{"rendered":"https:\/\/zellamseekaprun.at\/areitxpress-schuttdorf-areit-1400-hr\/"},"modified":"2026-08-29T14:57:31","modified_gmt":"2026-08-29T12:57:31","slug":"areitxpress-schuttdorf-areit-1400-hr","status":"publish","type":"post","link":"https:\/\/zellamseekaprun.at\/hr\/areitxpress-schuttdorf-areit-1400-hr\/","title":{"rendered":"areitXpress: od Sch\u00fcttdorfa do Areita 1.400"},"content":{"rendered":"\n<p class=\"wp-block-paragraph\"><strong>Ukratko:<\/strong> areitXpress je gondola koja iz zellske \u010detvrti <a href=\"https:\/\/zellamseekaprun.at\/hr\/schuttdorf-zell-am-see-hr\/\">Sch\u00fcttdorf<\/a> vozi do Areita 1.400 \u2014 kabine za 10 osoba, oko sedam minuta vo\u017enje, od 766 do 1.400 metara. Nije to \u017ei\u010dara na vrh <a href=\"https:\/\/zellamseekaprun.at\/hr\/schmittenhohe-zell-am-see-panoramska-planina\/\">Schmittenh\u00f6hea<\/a>, nego najbr\u017ei ulaz u planinarsko podru\u010dje s ju\u017ene strane jezera. Tko odsjeda u Sch\u00fcttdorfu, ima je pred vratima. Ova stranica obja\u0161njava \u0161to se doista nalazi na gornjoj stanici, kako se nastavlja odande i \u0161to ljeti ne vozi.<\/p>\n\n\n\n<h2 class=\"wp-block-heading\">Od Sch\u00fcttdorfa do 1.400 metara<\/h2>\n\n\n\n<p class=\"wp-block-paragraph\">Donja stanica nalazi se u Sch\u00fcttdorfu, najve\u0107oj \u010detvrti Zell am Seea, na 766 metara. Odande vas kabinska \u017ei\u010dara za 10 osoba za oko sedam minuta odveze na 1.400 metara \u2014 visinska razlika od dobrih 630 metara. Kabine imaju wifi i grijana sjedala, \u0161to je va\u017enije zimi nego u srpnju.<\/p>\n\n\n\n<p class=\"wp-block-paragraph\">Prakti\u010dna vrijednost le\u017ei u polo\u017eaju. Sch\u00fcttdorf ima najvi\u0161e kreveta od svih dijelova op\u0107ine, a donja stanica nalazi se to\u010dno u njegovu sredi\u0161tu. Tko ovdje odsjeda, ne treba ni auto ni autobus za put do planine. Kod donje stanice postoji vlastito parkirali\u0161te te punionice za elektri\u010dne automobile i bicikle; ondje se nalazi i info centar operatera \u017ei\u010dara.<\/p>\n\n\n\n<p class=\"wp-block-paragraph\">To\u010dka koja \u010desto izaziva zabunu: \u201eAreit&#8221; nije naselje, nego naziv terenskog dijela na 1.400 metara. Ono \u0161to karte i prospekti nazivaju \u201eAreit 1400&#8243; jest podru\u010dje gornje stanice s njezinim sadr\u017eajima \u2014 ne selo i ne vrh.<\/p>\n\n\n\n<p class=\"wp-block-paragraph\">I jo\u0161 jedno pitanje naziva: u Sch\u00fcttdorfu, na starijim putokazima i u mnogim opisima smje\u0161taja, spominje se \u201eAreitbahn&#8221;. Time se gotovo uvijek misli na areitXpress. Areitbahn II je, s druge strane, zaseban ure\u0111aj smje\u0161ten vi\u0161e na planini, koji ljeti ne radi. Ako va\u0161 smje\u0161taj ogla\u0161ava blizinu \u201eAreitbahna&#8221;, misli se na donju stanicu areitXpressa \u2014 a u Sch\u00fcttdorfu ta je informacija naj\u010de\u0161\u0107e to\u010dna.<\/p>\n\n\n\n<h2 class=\"wp-block-heading\">\u0160to vas \u010deka na gornjoj stanici<\/h2>\n\n\n\n<p class=\"wp-block-paragraph\">Areit 1.400 nije samo mjesto presjedanja. Oko gornje stanice nalazi se povezana obiteljska ponuda zbog koje se izlet isplati \u010dak i kad nitko ne \u017eeli nastaviti pje\u0161ice.<\/p>\n\n\n\n<p class=\"wp-block-paragraph\">To\u010dno na gornjoj stanici po\u010dinje <strong>Schmidolins Feuertaufe<\/strong>, avanturisti\u010dka staza sa zagonetkama i zadacima oko Schmittenova zmaja. Usput se nalazi dje\u010dje igrali\u0161te Schmidolins Drachenfeuer s igra\u0107im tornjem. Kori\u0161tenje staze uklju\u010deno je u kartu za \u017ei\u010daru; avanturisti\u010dka putovnica dobiva se besplatno na blagajnama donjih stanica, a diploma za ispunjenu putovnicu u info centru kod donje stanice areitXpressa.<\/p>\n\n\n\n<p class=\"wp-block-paragraph\">Tako\u0111er na gornjoj stanici nalazi se <strong>E-Motocross Park<\/strong>. Odrasli ondje voze elektri\u010dne motokros motocikle; za mla\u0111e voza\u010de postoje odvojena podru\u010dja s vlastitim dobnim i te\u017einskim ograni\u010denjima, me\u0111u ostalim vje\u017ebovna staza Schmidolins Feuerstuhl. Minimalna dob za glavnu stazu je 18 godina, preporu\u010duje se prethodna prijava, a u slu\u010daju lo\u0161eg vremena postrojenje ostaje zatvoreno.<\/p>\n\n\n\n<p class=\"wp-block-paragraph\"><strong>Kids Indoor Park Areit 1400<\/strong> nastao je iz nekada\u0161nje izlo\u017ebe starodobnih automobila i najpo\u0161teniji je savjet za lo\u0161e vrijeme na planini: staza za auti\u0107e na pedale s prometnim znakovima, napuhani dvorac te, u biv\u0161oj gornjoj stanici Areitbahna, poligon s preprekama za daljinski upravljane modele automobila. Uz to dolazi i planinski restoran. Zimi \u0107ete na gornjoj stanici prona\u0107i i sportsku trgovinu i skija\u0161ku \u0161kolu.<\/p>\n\n\n\n<h2 class=\"wp-block-heading\">Vi\u0161e \u2014 i \u0161to ljeti ne vozi<\/h2>\n\n\n\n<p class=\"wp-block-paragraph\">Od Areita 1.400 zimi Areitbahn II i Glocknerbahn nastavljaju dalje prema Schmittenh\u00f6heu. Ljeti nijedna od njih nije na popisu otvorenih postrojenja. To je najva\u017enija informacija na ovoj stranici, jer redovito izaziva razo\u010daranje: ljeti vas areitXpress odvozi na 1.400 metara, ne na vrh.<\/p>\n\n\n\n<p class=\"wp-block-paragraph\">Tko ljeti \u017eeli na Schmittenh\u00f6he, nastavlja pje\u0161ice od Areita \u2014 mre\u017ea staza dobro je ozna\u010dena, a preostala visinska razlika do vrha je svladiva \u2014 ili odmah koristi neku od drugih \u017ei\u010dara. Izravna veza s vrhom jest Schmittenh\u00f6hebahn u <a href=\"https:\/\/zellamseekaprun.at\/hr\/dolina-schmittental\/\">Schmittentalu<\/a>; do podru\u010dja Areit sti\u017ee se i preko cityXpressa i rute 56.<\/p>\n\n\n\n<p class=\"wp-block-paragraph\">I obrnuto: ako je va\u0161 cilj svejedno obiteljska ponuda na 1.400 metara, areitXpress vam u potpunosti \u0161tedi zaobilazak preko grada.<\/p>\n\n\n\n<h2 class=\"wp-block-heading\">Radno vrijeme i sezona<\/h2>\n\n\n\n<p class=\"wp-block-paragraph\">U ljeto 2026. areitXpress vozi od 23. svibnja do 13. rujna, svaki dan od 9 do 17 sati. E-Motocross Park otvoren je od 23. svibnja od 9.30 do 16 sati. Blagajne slijede radno vrijeme \u017ei\u010dara i otvaraju se uvijek \u010detvrt sata ranije.<\/p>\n\n\n\n<p class=\"wp-block-paragraph\">Dvije ograde uz to. Prvo, ovi se termini mijenjaju svake sezone; obvezuju\u0107i su isklju\u010divo podaci Schmittenh\u00f6hebahn AG. Drugo, areitXpress u jesen zatvara ranije nego sama Schmittenh\u00f6hebahn \u2014 tko u listopadu \u017eeli na planinu, bolje je da plan pravi od Schmittentala.<\/p>\n\n\n\n<h2 class=\"wp-block-heading\">Za koga se isplati areitXpress<\/h2>\n\n\n\n<p class=\"wp-block-paragraph\">areitXpress nije turisti\u010dka atrakcija, nego prijevozno sredstvo s lijepim pogledom. Jasno se isplati trima skupinama:<\/p>\n\n\n\n<ul class=\"wp-block-list\">\n<li><strong>Obiteljima s djecom osnovno\u0161kolske dobi.<\/strong> Feuertaufe, igrali\u0161te i zatvoreni park svi se nalaze u blizini gornje stanice, bez dugih prilaza.<\/li>\n<li><strong>Gostima koji odsjedaju u Sch\u00fcttdorfu.<\/strong> Najkra\u0107i mogu\u0107i pristup, bez problema s parkiranjem, bez skija\u0161kog autobusa.<\/li>\n<li><strong>Planinarima koji u podru\u010dje ulaze s juga.<\/strong> Od Areita se otvara mre\u017ea staza Schmittena bez zaobilaska preko grada.<\/li>\n<\/ul>\n\n\n\n<p class=\"wp-block-paragraph\">\u017di\u010dara je manje isplativa ako tra\u017eite panoramu s vrha, a imate samo jedan dan. U tom je slu\u010daju bolje popeti se izravno Schmittenh\u00f6hebahnom i u\u0161tedjeti na dionici povezivanja.<\/p>\n\n\n\n<h2 class=\"wp-block-heading\">Savjeti za va\u0161 posjet<\/h2>\n\n\n\n<p class=\"wp-block-paragraph\"><strong>Provjerite gostinsku karticu prije kupnje karte.<\/strong> Ljetna planinska \u017ei\u010dara u Zell am Seeu \u010desto je uklju\u010dena u gostinsku ili ljetnu karticu. Pitajte u svom smje\u0161taju \u2014 to vrijedi za mnoge objekte u mjestu.<\/p>\n\n\n\n<p class=\"wp-block-paragraph\"><strong>Avanturisti\u010dku putovnicu ponesite odozdo.<\/strong> Dostupna je na blagajnama donjih stanica, ne gore. Tko je zaboravi, prolazi Feuertaufe bez knji\u017eice sa zagonetkama \u2014 \u0161to djeci oduzima pola motivacije.<\/p>\n\n\n\n<p class=\"wp-block-paragraph\"><strong>Kod nesigurnog vremena prvo provjerite status E-Motocrossa.<\/strong> Postrojenje se zatvara u slu\u010daju ki\u0161e, zatvoreni park ne. Ako je motokros park razlog izleta, provjerite to prije uspona.<\/p>\n\n\n\n<p class=\"wp-block-paragraph\"><strong>Ponesite slojeve odje\u0107e.<\/strong> Izme\u0111u donje stanice i Areita nalazi se dobrih 630 visinskih metara. \u010cak i toplim danima gore je osjetno hladnije i vjetrovitije.<\/p>\n\n","protected":false},"excerpt":{"rendered":"<p>Ukratko: areitXpress je gondola koja iz zellske \u010detvrti Sch\u00fcttdorf vozi do Areita 1.400 \u2014 kabine za 10 osoba, oko sedam minuta vo\u017enje, od 766 do 1.400 metara. Nije to \u017ei\u010dara [&hellip;]<\/p>\n","protected":false},"author":1,"featured_media":37645,"comment_status":"open","ping_status":"open","sticky":false,"template":"","format":"standard","meta":{"_zsk_hscroll":false,"footnotes":""},"categories":[261,263],"tags":[],"class_list":["post-37692","post","type-post","status-publish","format-standard","has-post-thumbnail","hentry","category-erlebnisse-hr","category-sommer-hr"],"_links":{"self":[{"href":"https:\/\/zellamseekaprun.at\/hr\/wp-json\/wp\/v2\/posts\/37692","targetHints":{"allow":["GET"]}}],"collection":[{"href":"https:\/\/zellamseekaprun.at\/hr\/wp-json\/wp\/v2\/posts"}],"about":[{"href":"https:\/\/zellamseekaprun.at\/hr\/wp-json\/wp\/v2\/types\/post"}],"author":[{"embeddable":true,"href":"https:\/\/zellamseekaprun.at\/hr\/wp-json\/wp\/v2\/users\/1"}],"replies":[{"embeddable":true,"href":"https:\/\/zellamseekaprun.at\/hr\/wp-json\/wp\/v2\/comments?post=37692"}],"version-history":[{"count":0,"href":"https:\/\/zellamseekaprun.at\/hr\/wp-json\/wp\/v2\/posts\/37692\/revisions"}],"wp:featuredmedia":[{"embeddable":true,"href":"https:\/\/zellamseekaprun.at\/hr\/wp-json\/wp\/v2\/media\/37645"}],"wp:attachment":[{"href":"https:\/\/zellamseekaprun.at\/hr\/wp-json\/wp\/v2\/media?parent=37692"}],"wp:term":[{"taxonomy":"category","embeddable":true,"href":"https:\/\/zellamseekaprun.at\/hr\/wp-json\/wp\/v2\/categories?post=37692"},{"taxonomy":"post_tag","embeddable":true,"href":"https:\/\/zellamseekaprun.at\/hr\/wp-json\/wp\/v2\/tags?post=37692"}],"curies":[{"name":"wp","href":"https:\/\/api.w.org\/{rel}","templated":true}]}}