{"id":37689,"date":"2026-08-29T14:57:29","date_gmt":"2026-08-29T12:57:29","guid":{"rendered":"https:\/\/zellamseekaprun.at\/areitxpress-schuttdorf-areit-1400-gl\/"},"modified":"2026-08-29T14:57:29","modified_gmt":"2026-08-29T12:57:29","slug":"areitxpress-schuttdorf-areit-1400-gl","status":"publish","type":"post","link":"https:\/\/zellamseekaprun.at\/gl\/areitxpress-schuttdorf-areit-1400-gl\/","title":{"rendered":"areitXpress: de Sch\u00fcttdorf a Areit 1.400"},"content":{"rendered":"\n<p class=\"wp-block-paragraph\"><strong>En resumo:<\/strong> O areitXpress \u00e9 a telecabina que sobe desde o barrio zellense de <a href=\"https:\/\/zellamseekaprun.at\/gl\/schuettdorf-zell-am-see\/\">Sch\u00fcttdorf<\/a> ata Areit 1.400 \u2014 cabinas de 10 prazas, uns sete minutos de traxecto, de 766 a 1.400 metros. Non \u00e9 o telef\u00e9rico que leva ao cume da <a href=\"https:\/\/zellamseekaprun.at\/gl\/schmittenhohe-zell-am-see\/\">Schmittenh\u00f6he<\/a>, sen\u00f3n o acceso m\u00e1is r\u00e1pido \u00e1 zona de sendeirismo desde a beira sur do lago. Quen se aloxa en Sch\u00fcttdorf t\u00e9\u00f1aa \u00e1 porta. Esta p\u00e1xina explica o que realmente hai na estaci\u00f3n de monta\u00f1a, como continuar desde al\u00ed e o que non funciona no ver\u00e1n.<\/p>\n\n\n\n<h2 class=\"wp-block-heading\">De Sch\u00fcttdorf a 1.400 metros<\/h2>\n\n\n\n<p class=\"wp-block-paragraph\">A estaci\u00f3n de val at\u00f3pase en Sch\u00fcttdorf, o barrio m\u00e1is grande de Zell am See, a 766 metros. Desde al\u00ed, a telecabina de 10 prazas l\u00e9vaa ata 1.400 metros en uns sete minutos \u2014 un desnivel de m\u00e1is de 630 metros. As cabinas te\u00f1en wifi e asentos con calefacci\u00f3n, algo que conta m\u00e1is no inverno que en xullo.<\/p>\n\n\n\n<p class=\"wp-block-paragraph\">O valor pr\u00e1ctico est\u00e1 na localizaci\u00f3n. Sch\u00fcttdorf ten m\u00e1is camas que calquera outro barrio do concello, e a estaci\u00f3n de val est\u00e1 xusto no seu centro. Quen se aloxa aqu\u00ed non precisa nin coche nin autob\u00fas para chegar \u00e1 monta\u00f1a. Na estaci\u00f3n de val hai un aparcadoiro propio, ademais de puntos de recarga para coches e bicicletas el\u00e9ctricas; al\u00ed tam\u00e9n est\u00e1 o centro de informaci\u00f3n do operador da monta\u00f1a.<\/p>\n\n\n\n<p class=\"wp-block-paragraph\">Un punto que adoita xerar confusi\u00f3n: \u00abAreit\u00bb non \u00e9 unha localidade, sen\u00f3n o nome da zona situada a 1.400 metros. O que os mapas e folletos chaman \u00abAreit 1400\u00bb \u00e9 a \u00e1rea da estaci\u00f3n de monta\u00f1a coas s\u00faas instalaci\u00f3ns \u2014 nin unha vila nin o cume.<\/p>\n\n\n\n<p class=\"wp-block-paragraph\">E outra cuesti\u00f3n de nomes: en Sch\u00fcttdorf, en sinais m\u00e1is antigos e en moitas descrici\u00f3ns de aloxamentos, f\u00e1lase da \u00abAreitbahn\u00bb. Case sempre ref\u00edrese ao areitXpress. A Areitbahn II, en cambio, \u00e9 unha instalaci\u00f3n distinta, situada m\u00e1is arriba, que non funciona no ver\u00e1n. Se o seu aloxamento anuncia proximidade \u00e1 \u00abAreitbahn\u00bb, ref\u00edrese \u00e1 estaci\u00f3n de val do areitXpress \u2014 e en Sch\u00fcttdorf esa indicaci\u00f3n adoita ser correcta.<\/p>\n\n\n\n<h2 class=\"wp-block-heading\">O que agarda na estaci\u00f3n de monta\u00f1a<\/h2>\n\n\n\n<p class=\"wp-block-paragraph\">Areit 1.400 non \u00e9 s\u00f3 un punto de trasbordo. Arredor da estaci\u00f3n de monta\u00f1a hai unha oferta familiar ben integrada que fai que a excursi\u00f3n valla a pena a\u00ednda que ningu\u00e9n queira seguir cami\u00f1ando.<\/p>\n\n\n\n<p class=\"wp-block-paragraph\">Xusto na estaci\u00f3n de monta\u00f1a comeza <strong>Schmidolins Feuertaufe<\/strong>, un sendeiro de aventura con adivi\u00f1as e probas arredor do drag\u00f3n da Schmitten. No percorrido est\u00e1 o parque infantil Schmidolins Drachenfeuer, cunha torre de xogos. O uso do sendeiro est\u00e1 inclu\u00eddo no billete do telef\u00e9rico; o pasaporte de aventura rec\u00f3llese de balde nas billeteiras das estaci\u00f3ns de val, e o diploma polo pasaporte completado no centro de informaci\u00f3n xunto \u00e1 estaci\u00f3n de val do areitXpress.<\/p>\n\n\n\n<p class=\"wp-block-paragraph\">Tam\u00e9n na estaci\u00f3n de monta\u00f1a est\u00e1 o <strong>E-Motocross Park<\/strong>. Os adultos conducen al\u00ed motos de motocross el\u00e9ctricas; para os m\u00e1is novos hai zonas separadas cos seus propios l\u00edmites de idade e peso, inclu\u00eddo o circu\u00edto de pr\u00e1cticas Schmidolins Feuerstuhl. A idade m\u00ednima para o circu\u00edto principal \u00e9 de 18 anos, recom\u00e9ndase inscrici\u00f3n previa, e con mal tempo a instalaci\u00f3n permanece pechada.<\/p>\n\n\n\n<p class=\"wp-block-paragraph\">O <strong>Kids Indoor Park Areit 1400<\/strong> naceu da antiga exposici\u00f3n de coches cl\u00e1sicos e \u00e9 o consello m\u00e1is honesto para o mal tempo na monta\u00f1a: un circu\u00edto de coches a pedais con sinais de tr\u00e1fico, un castelo inchable e, na antiga estaci\u00f3n de monta\u00f1a da Areitbahn, un circu\u00edto de obst\u00e1culos para coches teledirixidos. A isto eng\u00e1dese un restaurante de monta\u00f1a. No inverno, tam\u00e9n atopar\u00e1 unha tenda de deportes e unha escola de esqu\u00ed na estaci\u00f3n de monta\u00f1a.<\/p>\n\n\n\n<h2 class=\"wp-block-heading\">M\u00e1is arriba \u2014 e o que non funciona no ver\u00e1n<\/h2>\n\n\n\n<p class=\"wp-block-paragraph\">Desde Areit 1.400, no inverno a Areitbahn II e a Glocknerbahn contin\u00faan cara \u00e1 Schmittenh\u00f6he. No ver\u00e1n, ningunha das d\u00faas figura na lista de instalaci\u00f3ns abertas. Esta \u00e9 a informaci\u00f3n m\u00e1is importante desta p\u00e1xina, porque adoita causar decepci\u00f3n: no ver\u00e1n, o areitXpress l\u00e9vaa ata 1.400 metros, non ata o cume.<\/p>\n\n\n\n<p class=\"wp-block-paragraph\">Quen queira chegar \u00e1 Schmittenh\u00f6he no ver\u00e1n contin\u00faa a p\u00e9 desde Areit \u2014 a rede de sendeiros est\u00e1 ben sinalizada e o desnivel restante ata o cume \u00e9 asumible \u2014 ou colle directamente outro telef\u00e9rico. A conexi\u00f3n directa ao cume \u00e9 a Schmittenh\u00f6hebahn, no <a href=\"https:\/\/zellamseekaprun.at\/gl\/schmittental-zell-am-see\/\">Schmittental<\/a>; co cityXpress e a Route 56 tam\u00e9n se chega \u00e1 zona de Areit.<\/p>\n\n\n\n<p class=\"wp-block-paragraph\">Ao contrario: se o seu destino \u00e9 en calquera caso a oferta familiar a 1.400 metros, o areitXpress perm\u00edtelle evitar por completo o rodeo pola cidade.<\/p>\n\n\n\n<h2 class=\"wp-block-heading\">Horarios e tempada<\/h2>\n\n\n\n<p class=\"wp-block-paragraph\">No ver\u00e1n de 2026, o areitXpress funciona do 23 de maio ao 13 de setembro, todos os d\u00edas das 9 \u00e1s 17 horas. O E-Motocross Park est\u00e1 aberto desde o 23 de maio, das 9.30 \u00e1s 16 horas. As billeteiras seguen os horarios dos telef\u00e9ricos e abren un cuarto de hora antes.<\/p>\n\n\n\n<p class=\"wp-block-paragraph\">D\u00faas matizaci\u00f3ns. Primeiro, estas franxas cambian cada tempada; s\u00f3 son vinculantes os datos de Schmittenh\u00f6hebahn AG. Segundo, o areitXpress pecha antes no outono que a propia Schmittenh\u00f6hebahn \u2014 quen queira subir \u00e1 monta\u00f1a en outubro far\u00e1 mellor planificando desde o Schmittental.<\/p>\n\n\n\n<h2 class=\"wp-block-heading\">Para quen paga a pena o areitXpress<\/h2>\n\n\n\n<p class=\"wp-block-paragraph\">O areitXpress non \u00e9 unha atracci\u00f3n tur\u00edstica, sen\u00f3n un medio de transporte con boas vistas. Paga claramente a pena para tres grupos:<\/p>\n\n\n\n<ul class=\"wp-block-list\">\n<li><strong>Familias con nenos en idade de primaria.<\/strong> Feuertaufe, parque infantil e parque cuberto est\u00e1n todos preto da estaci\u00f3n de monta\u00f1a, sen longos accesos.<\/li>\n<li><strong>H\u00f3spedes aloxados en Sch\u00fcttdorf.<\/strong> O acceso m\u00e1is curto posible, sen problemas de aparcadoiro, sen autob\u00fas de esqu\u00ed.<\/li>\n<li><strong>Sendeiristas que entran na zona polo sur.<\/strong> Desde Areit \u00e1brese a rede de sendeiros da Schmitten sen o rodeo pola cidade.<\/li>\n<\/ul>\n\n\n\n<p class=\"wp-block-paragraph\">O telef\u00e9rico ten menos sentido se busca a panor\u00e1mica do cume e s\u00f3 disp\u00f3n dun d\u00eda. Nese caso, \u00e9 mellor subir directamente coa Schmittenh\u00f6hebahn e aforrar o tramo de conexi\u00f3n.<\/p>\n\n\n\n<h2 class=\"wp-block-heading\">Consellos para a s\u00faa visita<\/h2>\n\n\n\n<p class=\"wp-block-paragraph\"><strong>Comprobe a s\u00faa tarxeta de h\u00f3spede antes de mercar un billete.<\/strong> O telef\u00e9rico de ver\u00e1n adoita estar inclu\u00eddo na tarxeta de h\u00f3spede ou de ver\u00e1n en Zell am See. Pregunte no seu aloxamento \u2014 isto apl\u00edcase a moitos establecementos da localidade.<\/p>\n\n\n\n<p class=\"wp-block-paragraph\"><strong>Leve o pasaporte de aventura desde abaixo.<\/strong> Est\u00e1 dispo\u00f1ible nas billeteiras das estaci\u00f3ns de val, non arriba. Quen o esquece fai a Feuertaufe sen o caderno de adivi\u00f1as \u2014 o que, con nenos, quita a metade da graza.<\/p>\n\n\n\n<p class=\"wp-block-paragraph\"><strong>Con tempo incerto, comprobe primeiro o estado do E-Motocross.<\/strong> A instalaci\u00f3n pecha con choiva, o parque cuberto non. Se o parque de motocross \u00e9 o motivo da excursi\u00f3n, compr\u00f3beo antes de subir.<\/p>\n\n\n\n<p class=\"wp-block-paragraph\"><strong>Leve roupa por capas.<\/strong> Entre a estaci\u00f3n de val e Areit hai m\u00e1is de 630 metros de desnivel. Mesmo en d\u00edas calorosos, arriba n\u00f3tase notablemente m\u00e1is fresco e ventoso.<\/p>\n\n","protected":false},"excerpt":{"rendered":"<p>En resumo: O areitXpress \u00e9 a telecabina que sobe desde o barrio zellense de Sch\u00fcttdorf ata Areit 1.400 \u2014 cabinas de 10 prazas, uns sete minutos de traxecto, de 766 [&hellip;]<\/p>\n","protected":false},"author":1,"featured_media":37650,"comment_status":"open","ping_status":"open","sticky":false,"template":"","format":"standard","meta":{"_zsk_hscroll":false,"footnotes":""},"categories":[1040,1044],"tags":[],"class_list":["post-37689","post","type-post","status-publish","format-standard","has-post-thumbnail","hentry","category-erlebnisse-gl","category-sommer-gl"],"_links":{"self":[{"href":"https:\/\/zellamseekaprun.at\/gl\/wp-json\/wp\/v2\/posts\/37689","targetHints":{"allow":["GET"]}}],"collection":[{"href":"https:\/\/zellamseekaprun.at\/gl\/wp-json\/wp\/v2\/posts"}],"about":[{"href":"https:\/\/zellamseekaprun.at\/gl\/wp-json\/wp\/v2\/types\/post"}],"author":[{"embeddable":true,"href":"https:\/\/zellamseekaprun.at\/gl\/wp-json\/wp\/v2\/users\/1"}],"replies":[{"embeddable":true,"href":"https:\/\/zellamseekaprun.at\/gl\/wp-json\/wp\/v2\/comments?post=37689"}],"version-history":[{"count":0,"href":"https:\/\/zellamseekaprun.at\/gl\/wp-json\/wp\/v2\/posts\/37689\/revisions"}],"wp:featuredmedia":[{"embeddable":true,"href":"https:\/\/zellamseekaprun.at\/gl\/wp-json\/wp\/v2\/media\/37650"}],"wp:attachment":[{"href":"https:\/\/zellamseekaprun.at\/gl\/wp-json\/wp\/v2\/media?parent=37689"}],"wp:term":[{"taxonomy":"category","embeddable":true,"href":"https:\/\/zellamseekaprun.at\/gl\/wp-json\/wp\/v2\/categories?post=37689"},{"taxonomy":"post_tag","embeddable":true,"href":"https:\/\/zellamseekaprun.at\/gl\/wp-json\/wp\/v2\/tags?post=37689"}],"curies":[{"name":"wp","href":"https:\/\/api.w.org\/{rel}","templated":true}]}}