{"id":37683,"date":"2026-08-29T14:57:26","date_gmt":"2026-08-29T12:57:26","guid":{"rendered":"https:\/\/zellamseekaprun.at\/areitxpress-schuttdorf-areit-1400-es\/"},"modified":"2026-08-29T14:57:26","modified_gmt":"2026-08-29T12:57:26","slug":"areitxpress-schuttdorf-areit-1400-es","status":"publish","type":"post","link":"https:\/\/zellamseekaprun.at\/es\/areitxpress-schuttdorf-areit-1400-es\/","title":{"rendered":"areitXpress: de Sch\u00fcttdorf a Areit 1.400"},"content":{"rendered":"\n<p class=\"wp-block-paragraph\"><strong>En resumen:<\/strong> El areitXpress es la telecabina que sube desde el barrio zellense de <a href=\"https:\/\/zellamseekaprun.at\/es\/schuttdorf-zell-am-see-es\/\">Sch\u00fcttdorf<\/a> hasta Areit 1.400 \u2014 cabinas para 10 personas, unos siete minutos de trayecto, de 766 a 1.400 metros. No es el telef\u00e9rico a la cima de la <a href=\"https:\/\/zellamseekaprun.at\/es\/schmittenhohe-montana-panoramica\/\">Schmittenh\u00f6he<\/a>, sino el acceso m\u00e1s r\u00e1pido a la zona de senderismo desde el lado sur del lago. Quien se aloja en Sch\u00fcttdorf la tiene a la puerta de casa. Esta p\u00e1gina explica qu\u00e9 hay realmente en la estaci\u00f3n de monta\u00f1a, c\u00f3mo continuar desde all\u00ed y qu\u00e9 no funciona en verano.<\/p>\n\n\n\n<h2 class=\"wp-block-heading\">De Sch\u00fcttdorf a 1.400 metros<\/h2>\n\n\n\n<p class=\"wp-block-paragraph\">La estaci\u00f3n de valle est\u00e1 en Sch\u00fcttdorf, el barrio m\u00e1s grande de Zell am See, a 766 metros. Desde all\u00ed, la telecabina de 10 plazas la lleva hasta 1.400 metros en unos siete minutos \u2014 un desnivel de unos 630 metros. Las cabinas tienen wifi y asientos calefactados, algo que cuenta m\u00e1s en invierno que en julio.<\/p>\n\n\n\n<p class=\"wp-block-paragraph\">El valor pr\u00e1ctico est\u00e1 en la ubicaci\u00f3n. Sch\u00fcttdorf tiene m\u00e1s camas que cualquier otro barrio del municipio, y la estaci\u00f3n de valle est\u00e1 justo en su centro. Quien se aloja aqu\u00ed no necesita coche ni autob\u00fas para llegar a la monta\u00f1a. La estaci\u00f3n de valle cuenta con su propio aparcamiento, adem\u00e1s de puntos de carga para coches y bicicletas el\u00e9ctricas; all\u00ed tambi\u00e9n se encuentra el centro de informaci\u00f3n del operador de la monta\u00f1a.<\/p>\n\n\n\n<p class=\"wp-block-paragraph\">Un punto que suele generar confusi\u00f3n: \u00abAreit\u00bb no es una localidad, sino el nombre de la zona a 1.400 metros. Lo que los mapas y folletos llaman \u00abAreit 1400\u00bb es el \u00e1rea de la estaci\u00f3n de monta\u00f1a con sus instalaciones \u2014 ni un pueblo ni la cima.<\/p>\n\n\n\n<p class=\"wp-block-paragraph\">Y una cuesti\u00f3n m\u00e1s de nombres: en Sch\u00fcttdorf, en indicadores antiguos y en muchas descripciones de alojamientos, se habla de la \u00abAreitbahn\u00bb. Casi siempre se refiere al areitXpress. La Areitbahn II, en cambio, es una instalaci\u00f3n distinta, situada m\u00e1s arriba, que no funciona en verano. Si su alojamiento anuncia cercan\u00eda a la \u00abAreitbahn\u00bb, se refiere a la estaci\u00f3n de valle del areitXpress \u2014 y en Sch\u00fcttdorf esa informaci\u00f3n suele ser correcta.<\/p>\n\n\n\n<h2 class=\"wp-block-heading\">Qu\u00e9 espera en la estaci\u00f3n de monta\u00f1a<\/h2>\n\n\n\n<p class=\"wp-block-paragraph\">Areit 1.400 no es solo un punto de trasbordo. Alrededor de la estaci\u00f3n de monta\u00f1a hay una oferta familiar bien integrada que hace que valga la pena la excursi\u00f3n aunque nadie quiera seguir caminando.<\/p>\n\n\n\n<p class=\"wp-block-paragraph\">Justo en la estaci\u00f3n de monta\u00f1a empieza <strong>Schmidolins Feuertaufe<\/strong>, un sendero de aventura con acertijos y pruebas en torno al drag\u00f3n de la Schmitten. En el recorrido est\u00e1 el parque infantil Schmidolins Drachenfeuer, con una torre de juegos. El uso del sendero est\u00e1 incluido en el billete del telef\u00e9rico; el pasaporte de aventura se recoge gratis en las taquillas de las estaciones de valle, y el diploma por el pasaporte completado, en el centro de informaci\u00f3n junto a la estaci\u00f3n de valle del areitXpress.<\/p>\n\n\n\n<p class=\"wp-block-paragraph\">Tambi\u00e9n en la estaci\u00f3n de monta\u00f1a est\u00e1 el <strong>E-Motocross Park<\/strong>. Los adultos conducen all\u00ed motos de motocross el\u00e9ctricas; para los m\u00e1s j\u00f3venes hay zonas separadas con sus propios l\u00edmites de edad y peso, incluido el circuito de pr\u00e1ctica Schmidolins Feuerstuhl. La edad m\u00ednima para el circuito principal es de 18 a\u00f1os, se recomienda inscripci\u00f3n previa, y con mal tiempo la instalaci\u00f3n permanece cerrada.<\/p>\n\n\n\n<p class=\"wp-block-paragraph\">El <strong>Kids Indoor Park Areit 1400<\/strong> surgi\u00f3 de la antigua exposici\u00f3n de coches cl\u00e1sicos y es el plan m\u00e1s honesto para el mal tiempo en la monta\u00f1a: un circuito de coches a pedales con se\u00f1ales de tr\u00e1fico, un castillo hinchable y, en la antigua estaci\u00f3n de monta\u00f1a de la Areitbahn, un circuito de obst\u00e1culos para coches teledirigidos. A esto se suma un restaurante de monta\u00f1a. En invierno encontrar\u00e1 adem\u00e1s una tienda de deporte y una escuela de esqu\u00ed en la estaci\u00f3n de monta\u00f1a.<\/p>\n\n\n\n<h2 class=\"wp-block-heading\">M\u00e1s arriba \u2014 y qu\u00e9 no funciona en verano<\/h2>\n\n\n\n<p class=\"wp-block-paragraph\">Desde Areit 1.400, en invierno la Areitbahn II y la Glocknerbahn contin\u00faan hacia la Schmittenh\u00f6he. En verano, ninguna de las dos figura en la lista de instalaciones abiertas. Esta es la informaci\u00f3n m\u00e1s importante de esta p\u00e1gina, porque suele causar decepci\u00f3n: en verano, el areitXpress la lleva hasta 1.400 metros, no hasta la cima.<\/p>\n\n\n\n<p class=\"wp-block-paragraph\">Quien quiera subir a la Schmittenh\u00f6he en verano contin\u00faa a pie desde Areit \u2014 la red de senderos est\u00e1 bien se\u00f1alizada y el desnivel restante hasta la cima es asumible \u2014 o toma directamente otro de los telef\u00e9ricos. La conexi\u00f3n directa a la cima es la Schmittenh\u00f6hebahn en el <a href=\"https:\/\/zellamseekaprun.at\/es\/valle-de-schmittental\/\">Schmittental<\/a>; con el cityXpress y la Route 56 tambi\u00e9n se llega a la zona de Areit.<\/p>\n\n\n\n<p class=\"wp-block-paragraph\">A la inversa: si su destino es de todos modos la oferta familiar a 1.400 metros, el areitXpress le permite evitarse por completo el rodeo por la ciudad.<\/p>\n\n\n\n<h2 class=\"wp-block-heading\">Horarios y temporada<\/h2>\n\n\n\n<p class=\"wp-block-paragraph\">En el verano de 2026, el areitXpress funciona del 23 de mayo al 13 de septiembre, todos los d\u00edas de 9 a 17 h. El E-Motocross Park abre desde el 23 de mayo de 9.30 a 16 h. Las taquillas se rigen por los horarios de los telef\u00e9ricos y abren un cuarto de hora antes.<\/p>\n\n\n\n<p class=\"wp-block-paragraph\">Dos matices. Primero, estas franjas cambian cada temporada; solo son vinculantes los datos de Schmittenh\u00f6hebahn AG. Segundo, el areitXpress cierra antes en oto\u00f1o que la propia Schmittenh\u00f6hebahn \u2014 quien quiera subir a la monta\u00f1a en octubre har\u00e1 mejor planeando desde el Schmittental.<\/p>\n\n\n\n<h2 class=\"wp-block-heading\">Para qui\u00e9n vale la pena el areitXpress<\/h2>\n\n\n\n<p class=\"wp-block-paragraph\">El areitXpress no es una atracci\u00f3n tur\u00edstica, sino un medio de transporte con buenas vistas. Vale claramente la pena para tres grupos:<\/p>\n\n\n\n<ul class=\"wp-block-list\">\n<li><strong>Familias con ni\u00f1os en edad de primaria.<\/strong> Feuertaufe, parque infantil y parque cubierto est\u00e1n todos cerca de la estaci\u00f3n de monta\u00f1a, sin largos accesos.<\/li>\n<li><strong>Hu\u00e9spedes alojados en Sch\u00fcttdorf.<\/strong> El acceso m\u00e1s corto posible, sin problemas de aparcamiento, sin autob\u00fas de esqu\u00ed.<\/li>\n<li><strong>Excursionistas que entran en la zona desde el sur.<\/strong> Desde Areit se abre la red de senderos de la Schmitten sin el rodeo por la ciudad.<\/li>\n<\/ul>\n\n\n\n<p class=\"wp-block-paragraph\">El telef\u00e9rico tiene menos sentido si busca el panorama de la cima y solo dispone de un d\u00eda. En ese caso, mejor suba directamente con la Schmittenh\u00f6hebahn y se ahorra el tramo de conexi\u00f3n.<\/p>\n\n\n\n<h2 class=\"wp-block-heading\">Consejos para su visita<\/h2>\n\n\n\n<p class=\"wp-block-paragraph\"><strong>Compruebe su tarjeta de hu\u00e9sped antes de comprar un billete.<\/strong> El telef\u00e9rico de verano suele estar incluido en la tarjeta de hu\u00e9sped o de verano en Zell am See. Pregunte en su alojamiento \u2014 esto es v\u00e1lido para muchos establecimientos de la localidad.<\/p>\n\n\n\n<p class=\"wp-block-paragraph\"><strong>Recoja el pasaporte de aventura abajo.<\/strong> Est\u00e1 disponible en las taquillas de las estaciones de valle, no arriba. Quien lo olvida hace la Feuertaufe sin el cuadernillo de acertijos \u2014 lo que, con ni\u00f1os, quita la mitad de la gracia.<\/p>\n\n\n\n<p class=\"wp-block-paragraph\"><strong>Si el tiempo es incierto, consulte primero el estado del E-Motocross.<\/strong> La instalaci\u00f3n cierra con lluvia, el parque cubierto no. Si el parque de motocross es el motivo de la excursi\u00f3n, compru\u00e9belo antes de subir.<\/p>\n\n\n\n<p class=\"wp-block-paragraph\"><strong>Lleve ropa por capas.<\/strong> Entre la estaci\u00f3n de valle y Areit hay un desnivel de unos 630 metros. Incluso en d\u00edas calurosos, arriba se nota notablemente m\u00e1s fresco y con m\u00e1s viento.<\/p>\n\n","protected":false},"excerpt":{"rendered":"<p>En resumen: El areitXpress es la telecabina que sube desde el barrio zellense de Sch\u00fcttdorf hasta Areit 1.400 \u2014 cabinas para 10 personas, unos siete minutos de trayecto, de 766 [&hellip;]<\/p>\n","protected":false},"author":1,"featured_media":37661,"comment_status":"open","ping_status":"open","sticky":false,"template":"","format":"standard","meta":{"_zsk_hscroll":false,"footnotes":""},"categories":[255,257],"tags":[],"class_list":["post-37683","post","type-post","status-publish","format-standard","has-post-thumbnail","hentry","category-erlebnisse-es","category-sommer-es"],"_links":{"self":[{"href":"https:\/\/zellamseekaprun.at\/es\/wp-json\/wp\/v2\/posts\/37683","targetHints":{"allow":["GET"]}}],"collection":[{"href":"https:\/\/zellamseekaprun.at\/es\/wp-json\/wp\/v2\/posts"}],"about":[{"href":"https:\/\/zellamseekaprun.at\/es\/wp-json\/wp\/v2\/types\/post"}],"author":[{"embeddable":true,"href":"https:\/\/zellamseekaprun.at\/es\/wp-json\/wp\/v2\/users\/1"}],"replies":[{"embeddable":true,"href":"https:\/\/zellamseekaprun.at\/es\/wp-json\/wp\/v2\/comments?post=37683"}],"version-history":[{"count":0,"href":"https:\/\/zellamseekaprun.at\/es\/wp-json\/wp\/v2\/posts\/37683\/revisions"}],"wp:featuredmedia":[{"embeddable":true,"href":"https:\/\/zellamseekaprun.at\/es\/wp-json\/wp\/v2\/media\/37661"}],"wp:attachment":[{"href":"https:\/\/zellamseekaprun.at\/es\/wp-json\/wp\/v2\/media?parent=37683"}],"wp:term":[{"taxonomy":"category","embeddable":true,"href":"https:\/\/zellamseekaprun.at\/es\/wp-json\/wp\/v2\/categories?post=37683"},{"taxonomy":"post_tag","embeddable":true,"href":"https:\/\/zellamseekaprun.at\/es\/wp-json\/wp\/v2\/tags?post=37683"}],"curies":[{"name":"wp","href":"https:\/\/api.w.org\/{rel}","templated":true}]}}