{"id":37690,"date":"2026-08-29T14:57:29","date_gmt":"2026-08-29T12:57:29","guid":{"rendered":"https:\/\/zellamseekaprun.at\/areitxpress-schuttdorf-areit-1400-cs\/"},"modified":"2026-08-29T14:57:29","modified_gmt":"2026-08-29T12:57:29","slug":"areitxpress-schuttdorf-areit-1400-cs","status":"publish","type":"post","link":"https:\/\/zellamseekaprun.at\/cs\/areitxpress-schuttdorf-areit-1400-cs\/","title":{"rendered":"areitXpress: ze Sch\u00fcttdorfu na Areit 1.400"},"content":{"rendered":"\n<p class=\"wp-block-paragraph\"><strong>Stru\u010dn\u011b:<\/strong> areitXpress je kabinkov\u00e1 lanovka, kter\u00e1 vede ze zellsk\u00e9ho \u010dtvrti <a href=\"https:\/\/zellamseekaprun.at\/cs\/schuttdorf-zell-am-see-cs\/\">Sch\u00fcttdorf<\/a> na Areit 1.400 \u2014 desetim\u00edstn\u00e9 kabiny, doba j\u00edzdy kolem sedmi minut, z 766 na 1.400 metr\u016f. Nen\u00ed to lanovka na vrchol <a href=\"https:\/\/zellamseekaprun.at\/cs\/schmittenhohe-panoramaticka-hora\/\">Schmittenh\u00f6he<\/a>, ale nejrychlej\u0161\u00ed vstup do turistick\u00e9 oblasti z ji\u017en\u00ed strany jezera. Kdo bydl\u00ed ve Sch\u00fcttdorfu, m\u00e1 ji p\u0159\u00edmo za dve\u0159mi. Tato str\u00e1nka vysv\u011btluje, co skute\u010dn\u011b stoj\u00ed na horn\u00ed stanici, jak pokra\u010dovat d\u00e1l a co v l\u00e9t\u011b nejezd\u00ed.<\/p>\n\n\n\n<h2 class=\"wp-block-heading\">Ze Sch\u00fcttdorfu na 1.400 metr\u016f<\/h2>\n\n\n\n<p class=\"wp-block-paragraph\">\u00dadoln\u00ed stanice stoj\u00ed ve Sch\u00fcttdorfu, nejv\u011bt\u0161\u00ed \u010dtvrti Zell am See, ve v\u00fd\u0161ce 766 metr\u016f. Odtud v\u00e1s desetim\u00edstn\u00e1 kabinkov\u00e1 lanovka vyveze za zhruba sedm minut na 1.400 metr\u016f \u2014 v\u00fd\u0161kov\u00fd rozd\u00edl dobr\u00fdch 630 metr\u016f. Kabiny maj\u00ed wifi a vyh\u0159\u00edvan\u00e1 sedadla, co\u017e se hod\u00ed sp\u00ed\u0161 v zim\u011b ne\u017e v \u010dervenci.<\/p>\n\n\n\n<p class=\"wp-block-paragraph\">Praktick\u00e1 hodnota spo\u010d\u00edv\u00e1 v poloze. Sch\u00fcttdorf m\u00e1 nejv\u00edc l\u016f\u017eek ze v\u0161ech \u010dtvrt\u00ed obce a \u00fadoln\u00ed stanice le\u017e\u00ed p\u0159\u00edmo v jeho st\u0159edu. Kdo tu bydl\u00ed, nepot\u0159ebuje k cest\u011b na horu ani auto, ani autobus. U \u00fadoln\u00ed stanice je vlastn\u00ed parkovi\u0161t\u011b a nab\u00edjec\u00ed stanice pro elektromobily a elektrokola; s\u00eddl\u00ed tam i infocentrum provozovatele lanovek.<\/p>\n\n\n\n<p class=\"wp-block-paragraph\">Bod, kter\u00fd \u010dasto mate: \u201eAreit&#8220; nen\u00ed obec, ale n\u00e1zev ter\u00e9nn\u00edho \u00faseku ve v\u00fd\u0161ce 1.400 metr\u016f. To, co mapy a prospekty uv\u00e1d\u011bj\u00ed jako \u201eAreit 1400&#8243;, je are\u00e1l horn\u00ed stanice se sv\u00fdmi za\u0159\u00edzen\u00edmi \u2014 ne vesnice a ne vrchol.<\/p>\n\n\n\n<p class=\"wp-block-paragraph\">A je\u0161t\u011b jedna ot\u00e1zka n\u00e1zvu: ve Sch\u00fcttdorfu, na star\u0161\u00edch ukazatel\u00edch a v mnoha popisech ubytov\u00e1n\u00ed se mluv\u00ed o \u201eAreitbahn&#8220;. Skoro v\u017edy se t\u00edm m\u00edn\u00ed areitXpress. Areitbahn II je naproti tomu samostatn\u00e9 za\u0159\u00edzen\u00ed v\u00fd\u0161e na ho\u0159e, kter\u00e9 v l\u00e9t\u011b nejezd\u00ed. Pokud va\u0161e ubytov\u00e1n\u00ed inzeruje bl\u00edzkost k \u201eAreitbahn&#8220;, mysl\u00ed se t\u00edm \u00fadoln\u00ed stanice areitXpress \u2014 a ve Sch\u00fcttdorfu tento \u00fadaj v\u011bt\u0161inou sed\u00ed.<\/p>\n\n\n\n<h2 class=\"wp-block-heading\">Co \u010dek\u00e1 na horn\u00ed stanici<\/h2>\n\n\n\n<p class=\"wp-block-paragraph\">Areit 1.400 nen\u00ed jen p\u0159estupn\u00ed bod. Kolem horn\u00ed stanice se rozkl\u00e1d\u00e1 ucelen\u00e1 rodinn\u00e1 nab\u00eddka, d\u00edky n\u00ed\u017e se v\u00fdlet vyplat\u00ed, i kdy\u017e nikdo nechce pokra\u010dovat p\u011b\u0161ky.<\/p>\n\n\n\n<p class=\"wp-block-paragraph\">P\u0159\u00edmo u horn\u00ed stanice za\u010d\u00edn\u00e1 <strong>Schmidolins Feuertaufe<\/strong>, dobrodru\u017en\u00e1 stezka s h\u00e1dankami a \u00fakoly kolem draka Schmitten. Cestou le\u017e\u00ed d\u011btsk\u00e9 h\u0159i\u0161t\u011b Schmidolins Drachenfeuer s hrac\u00ed v\u011b\u017e\u00ed. Pou\u017eit\u00ed stezky je zahrnuto v l\u00edstku na lanovku; dobrodru\u017en\u00fd pas k n\u00ed dostanete zdarma na pokladn\u00e1ch u \u00fadoln\u00edch stanic, diplom za vypln\u011bn\u00fd pas pak v infocentru u \u00fadoln\u00ed stanice areitXpress.<\/p>\n\n\n\n<p class=\"wp-block-paragraph\">Rovn\u011b\u017e na horn\u00ed stanici je <strong>E-Motocross Park<\/strong>. Dosp\u011bl\u00ed zde jezd\u00ed na elektrick\u00fdch motokrosov\u00fdch motork\u00e1ch; pro mlad\u0161\u00ed jezdce jsou vyhrazeny odd\u011blen\u00e9 z\u00f3ny s vlastn\u00edmi v\u011bkov\u00fdmi a hmotnostn\u00edmi limity, mimo jin\u00e9 cvi\u010dn\u00fd okruh Schmidolins Feuerstuhl. Minim\u00e1ln\u00ed v\u011bk pro hlavn\u00ed tra\u0165 je 18 let, doporu\u010duje se p\u0159edchoz\u00ed p\u0159ihl\u00e1\u0161en\u00ed a p\u0159i \u0161patn\u00e9m po\u010das\u00ed z\u016fst\u00e1v\u00e1 are\u00e1l zav\u0159en\u00fd.<\/p>\n\n\n\n<p class=\"wp-block-paragraph\"><strong>Kids Indoor Park Areit 1400<\/strong> vznikl z b\u00fdval\u00e9 v\u00fdstavy veter\u00e1n\u016f a je nejpoctiv\u011bj\u0161\u00edm tipem pro \u0161patn\u00e9 po\u010das\u00ed na ho\u0159e: dr\u00e1ha pro \u0161lapac\u00ed aut\u00ed\u010dka s dopravn\u00edmi zna\u010dkami, sk\u00e1kac\u00ed hrad a v b\u00fdval\u00e9 horn\u00ed stanici Areitbahn p\u0159ek\u00e1\u017ekov\u00e1 dr\u00e1ha pro d\u00e1lkov\u011b \u0159\u00edzen\u00e9 modely aut. K tomu p\u0159istupuje horsk\u00e1 restaurace. V zim\u011b nav\u00edc na horn\u00ed stanici najdete sportovn\u00ed obchod a ly\u017ea\u0159skou \u0161kolu.<\/p>\n\n\n\n<h2 class=\"wp-block-heading\">V\u00fd\u0161 \u2014 a co v l\u00e9t\u011b nejezd\u00ed<\/h2>\n\n\n\n<p class=\"wp-block-paragraph\">Z Areitu 1.400 vedou v zim\u011b d\u00e1l sm\u011brem ke Schmittenh\u00f6he lanovky Areitbahn II a Glocknerbahn. V l\u00e9t\u011b \u017e\u00e1dn\u00e1 z nich nen\u00ed v seznamu provozovan\u00fdch za\u0159\u00edzen\u00ed. To je nejd\u016fle\u017eit\u011bj\u0161\u00ed informace na t\u00e9to str\u00e1nce, proto\u017ee pravideln\u011b zp\u016fsobuje zklam\u00e1n\u00ed: areitXpress v\u00e1s v l\u00e9t\u011b vyveze na 1.400 metr\u016f, ne na vrchol.<\/p>\n\n\n\n<p class=\"wp-block-paragraph\">Kdo chce v l\u00e9t\u011b na Schmittenh\u00f6he, pokra\u010duje z Areitu p\u011b\u0161ky \u2014 s\u00ed\u0165 cest je dob\u0159e zna\u010den\u00e1 a zb\u00fdvaj\u00edc\u00ed v\u00fd\u0161kov\u00fd rozd\u00edl na vrchol je zvladateln\u00fd \u2014 nebo rovnou vyu\u017eije n\u011bkterou z ostatn\u00edch lanovek. P\u0159\u00edm\u00e9 spojen\u00ed na vrchol zaji\u0161\u0165uje Schmittenh\u00f6hebahn v <a href=\"https:\/\/zellamseekaprun.at\/cs\/udoli-schmittental\/\">Schmittentalu<\/a>; k are\u00e1lu Areit se dostanete tak\u00e9 p\u0159es cityXpress a trasu 56.<\/p>\n\n\n\n<p class=\"wp-block-paragraph\">A naopak: pokud je va\u0161\u00edm c\u00edlem stejn\u011b rodinn\u00e1 nab\u00eddka ve v\u00fd\u0161ce 1.400 metr\u016f, u\u0161et\u0159\u00ed v\u00e1m areitXpress zaj\u00ed\u017e\u010fku p\u0159es m\u011bsto \u00fapln\u011b.<\/p>\n\n\n\n<h2 class=\"wp-block-heading\">Provozn\u00ed doba a sez\u00f3na<\/h2>\n\n\n\n<p class=\"wp-block-paragraph\">V l\u00e9t\u011b 2026 jezd\u00ed areitXpress od 23. kv\u011btna do 13. z\u00e1\u0159\u00ed, denn\u011b od 9 do 17 hodin. E-Motocross Park je otev\u0159en\u00fd od 23. kv\u011btna od 9.30 do 16 hodin. Pokladny se \u0159\u00edd\u00ed provozn\u00ed dobou lanovek a otev\u00edraj\u00ed v\u017edy o \u010dtvrt hodiny d\u0159\u00edve.<\/p>\n\n\n\n<p class=\"wp-block-paragraph\">K tomu dv\u011b v\u00fdhrady. Zaprv\u00e9 se tato okna m\u011bn\u00ed ka\u017edou sez\u00f3nu; z\u00e1vazn\u00e9 jsou v\u00fdhradn\u011b \u00fadaje Schmittenh\u00f6hebahn AG. Zadruh\u00e9 areitXpress na podzim zav\u00edr\u00e1 d\u0159\u00edve ne\u017e samotn\u00e1 Schmittenh\u00f6hebahn \u2014 kdo chce v \u0159\u00edjnu na horu, napl\u00e1nuje si to l\u00e9pe ze Schmittentalu.<\/p>\n\n\n\n<h2 class=\"wp-block-heading\">Pro koho se areitXpress vyplat\u00ed<\/h2>\n\n\n\n<p class=\"wp-block-paragraph\">areitXpress nen\u00ed turistickou atrakc\u00ed, ale dopravn\u00edm prost\u0159edkem s p\u011bkn\u00fdm v\u00fdhledem. Jednozna\u010dn\u011b se vyplat\u00ed t\u0159em skupin\u00e1m:<\/p>\n\n\n\n<ul class=\"wp-block-list\">\n<li><strong>Rodin\u00e1m s d\u011btmi ve v\u011bku prvn\u00edho stupn\u011b.<\/strong> Feuertaufe, d\u011btsk\u00e9 h\u0159i\u0161t\u011b a kryt\u00fd park le\u017e\u00ed v okol\u00ed horn\u00ed stanice bez dlouh\u00fdch p\u0159\u00edstupov\u00fdch cest.<\/li>\n<li><strong>Host\u016fm ubytovan\u00fdm ve Sch\u00fcttdorfu.<\/strong> Nejkrat\u0161\u00ed mo\u017en\u00e1 cesta, \u017e\u00e1dn\u00fd probl\u00e9m s parkov\u00e1n\u00edm, \u017e\u00e1dn\u00fd ly\u017ea\u0159sk\u00fd autobus.<\/li>\n<li><strong>Turist\u016fm, kte\u0159\u00ed do oblasti vstupuj\u00ed z jihu.<\/strong> Od Areitu se otev\u00edr\u00e1 s\u00ed\u0165 cest Schmitten bez zaj\u00ed\u017e\u010fky p\u0159es m\u011bsto.<\/li>\n<\/ul>\n\n\n\n<p class=\"wp-block-paragraph\">Lanovka se m\u00e9n\u011b vyplat\u00ed, pokud hled\u00e1te panorama z vrcholu a m\u00e1te jen jeden den. V takov\u00e9m p\u0159\u00edpad\u011b je lep\u0161\u00ed vyjet p\u0159\u00edmo Schmittenh\u00f6hebahn a u\u0161et\u0159it si navazuj\u00edc\u00ed \u00fasek.<\/p>\n\n\n\n<h2 class=\"wp-block-heading\">Tipy pro va\u0161i n\u00e1v\u0161t\u011bvu<\/h2>\n\n\n\n<p class=\"wp-block-paragraph\"><strong>P\u0159ed koup\u00ed l\u00edstku zkontrolujte hostovskou kartu.<\/strong> Letn\u00ed horsk\u00e1 lanovka je v Zell am See \u010dasto zahrnuta v hostovsk\u00e9 nebo letn\u00ed kart\u011b. Zeptejte se ve sv\u00e9m ubytov\u00e1n\u00ed \u2014 plat\u00ed to pro \u0159adu podnik\u016f v obci.<\/p>\n\n\n\n<p class=\"wp-block-paragraph\"><strong>Dobrodru\u017en\u00fd pas si vyzvedn\u011bte dole.<\/strong> K dispozici je na pokladn\u00e1ch u \u00fadoln\u00edch stanic, ne naho\u0159e. Kdo na n\u011bj zapomene, absolvuje Feuertaufe bez se\u0161itku s h\u00e1dankami \u2014 co\u017e u d\u011bt\u00ed ubere polovinu motivace.<\/p>\n\n\n\n<p class=\"wp-block-paragraph\"><strong>P\u0159i nejist\u00e9m po\u010das\u00ed si nejd\u0159\u00edv zjist\u011bte stav E-Motocrossu.<\/strong> Are\u00e1l se za de\u0161t\u011b zav\u00edr\u00e1, kryt\u00fd park nikoli. Pokud je motokrosov\u00fd park d\u016fvodem v\u00fdletu, ov\u011b\u0159te si to je\u0161t\u011b p\u0159ed v\u00fdjezdem.<\/p>\n\n\n\n<p class=\"wp-block-paragraph\"><strong>Vezm\u011bte si vrstven\u00e9 oble\u010den\u00ed.<\/strong> Mezi \u00fadoln\u00ed stanic\u00ed a Areitem le\u017e\u00ed dobr\u00fdch 630 v\u00fd\u0161kov\u00fdch metr\u016f. I v hork\u00fdch dnech je naho\u0159e citeln\u011b chladn\u011bji a v\u011btrn\u011bji.<\/p>\n\n","protected":false},"excerpt":{"rendered":"<p>Stru\u010dn\u011b: areitXpress je kabinkov\u00e1 lanovka, kter\u00e1 vede ze zellsk\u00e9ho \u010dtvrti Sch\u00fcttdorf na Areit 1.400 \u2014 desetim\u00edstn\u00e9 kabiny, doba j\u00edzdy kolem sedmi minut, z 766 na 1.400 metr\u016f. Nen\u00ed to lanovka [&hellip;]<\/p>\n","protected":false},"author":1,"featured_media":37646,"comment_status":"open","ping_status":"open","sticky":false,"template":"","format":"standard","meta":{"_zsk_hscroll":false,"footnotes":""},"categories":[666,677],"tags":[],"class_list":["post-37690","post","type-post","status-publish","format-standard","has-post-thumbnail","hentry","category-leto-cs","category-zazitky"],"_links":{"self":[{"href":"https:\/\/zellamseekaprun.at\/cs\/wp-json\/wp\/v2\/posts\/37690","targetHints":{"allow":["GET"]}}],"collection":[{"href":"https:\/\/zellamseekaprun.at\/cs\/wp-json\/wp\/v2\/posts"}],"about":[{"href":"https:\/\/zellamseekaprun.at\/cs\/wp-json\/wp\/v2\/types\/post"}],"author":[{"embeddable":true,"href":"https:\/\/zellamseekaprun.at\/cs\/wp-json\/wp\/v2\/users\/1"}],"replies":[{"embeddable":true,"href":"https:\/\/zellamseekaprun.at\/cs\/wp-json\/wp\/v2\/comments?post=37690"}],"version-history":[{"count":0,"href":"https:\/\/zellamseekaprun.at\/cs\/wp-json\/wp\/v2\/posts\/37690\/revisions"}],"wp:featuredmedia":[{"embeddable":true,"href":"https:\/\/zellamseekaprun.at\/cs\/wp-json\/wp\/v2\/media\/37646"}],"wp:attachment":[{"href":"https:\/\/zellamseekaprun.at\/cs\/wp-json\/wp\/v2\/media?parent=37690"}],"wp:term":[{"taxonomy":"category","embeddable":true,"href":"https:\/\/zellamseekaprun.at\/cs\/wp-json\/wp\/v2\/categories?post=37690"},{"taxonomy":"post_tag","embeddable":true,"href":"https:\/\/zellamseekaprun.at\/cs\/wp-json\/wp\/v2\/tags?post=37690"}],"curies":[{"name":"wp","href":"https:\/\/api.w.org\/{rel}","templated":true}]}}