{"id":37333,"date":"2026-08-08T21:28:11","date_gmt":"2026-08-08T19:28:11","guid":{"rendered":"https:\/\/zellamseekaprun.at\/z-letiste-do-zell-am-see\/"},"modified":"2026-08-08T21:28:11","modified_gmt":"2026-08-08T19:28:11","slug":"z-letiste-do-zell-am-see","status":"publish","type":"post","link":"https:\/\/zellamseekaprun.at\/cs\/z-letiste-do-zell-am-see\/","title":{"rendered":"Z leti\u0161t\u011b do Zell am See: srovn\u00e1n\u00ed Salcburku, Mnichova a Innsbrucku"},"content":{"rendered":"<p class=\"wp-block-paragraph\">Zell am See m\u00e1 vlastn\u00ed mal\u00e9 leti\u0161t\u011b, slou\u017e\u00ed ale sportovn\u00edmu a vyhl\u00eddkov\u00e9mu l\u00e9t\u00e1n\u00ed a \u017e\u00e1dn\u00e9 pravideln\u00e9 lety neodbavuje. Kdo p\u0159il\u00e9t\u00e1, p\u0159istane tedy na n\u011bkter\u00e9m z okoln\u00edch dopravn\u00edch leti\u0161\u0165 a posledn\u00ed \u00fasek uraz\u00ed po zemi. Kter\u00e9 leti\u0161t\u011b d\u00e1v\u00e1 smysl, z\u00e1vis\u00ed m\u00e9n\u011b na vzd\u00e1lenosti ne\u017e na spojen\u00ed, kter\u00e9 z domova z\u00edsk\u00e1te.<\/p>\n\n<h2 class=\"wp-block-heading\">Srovn\u00e1n\u00ed leti\u0161\u0165<\/h2>\n\n<h3 class=\"wp-block-heading\">Salcburk, zhruba 85 kilometr\u016f<\/h3>\n\n<p class=\"wp-block-paragraph\">Zdaleka nejbli\u017e\u0161\u00ed leti\u0161t\u011b. Cesta autem trv\u00e1 obvykle asi hodinu a \u010dtvrt a\u017e hodinu a p\u016fl. Salcburk je st\u0159edn\u011b velk\u00e9 leti\u0161t\u011b se siln\u00fdm sez\u00f3nn\u00edm zimn\u00edm provozem, v l\u00e9t\u011b je nab\u00eddka \u0159id\u0161\u00ed. Pokud najdete vhodn\u00e9 spojen\u00ed, je Salcburk t\u00e9m\u011b\u0159 v\u017edy nejlep\u0161\u00ed volbou.<\/p>\n\n<h3 class=\"wp-block-heading\">Mnichov, zhruba 200 kilometr\u016f<\/h3>\n\n<p class=\"wp-block-paragraph\">V\u00fdrazn\u011b d\u00e1l, s dobou j\u00edzdy zhruba dv\u011b a p\u016fl a\u017e t\u0159i hodiny. Zato je Mnichov velk\u00fd mezin\u00e1rodn\u00ed uzel s hust\u00fdm letov\u00fdm \u0159\u00e1dem po cel\u00fd rok. Pro cestuj\u00edc\u00ed ze z\u00e1mo\u0159\u00ed nebo z men\u0161\u00edch domovsk\u00fdch leti\u0161\u0165 b\u00fdv\u00e1 Mnichov jedinou rozumnou mo\u017enost\u00ed a p\u0159es del\u0161\u00ed j\u00edzdu je celkov\u011b rychlej\u0161\u00ed.<\/p>\n\n<h3 class=\"wp-block-heading\">Innsbruck, zhruba 150 kilometr\u016f<\/h3>\n\n<p class=\"wp-block-paragraph\">Alternativa p\u0159edev\u0161\u00edm pro p\u0159\u00edlety ze z\u00e1padu. J\u00edzda trv\u00e1 asi dv\u011b hodiny. Innsbruck je siln\u011b zam\u011b\u0159en\u00fd na zimn\u00ed charterov\u00e9 lety.<\/p>\n\n<h3 class=\"wp-block-heading\">V\u00edde\u0148, zhruba 400 kilometr\u016f<\/h3>\n\n<p class=\"wp-block-paragraph\">M\u00e1 smysl jen tehdy, pokud do zem\u011b stejn\u011b vstupujete p\u0159es V\u00edde\u0148. Vlakov\u00e9 spojen\u00ed z V\u00eddn\u011b do Zell am See je dobr\u00e9, trv\u00e1 ale n\u011bkolik hodin.<\/p>\n\n<h2 class=\"wp-block-heading\">Mo\u017enosti posledn\u00edho \u00faseku<\/h2>\n\n<h3 class=\"wp-block-heading\">Vlak<\/h3>\n\n<p class=\"wp-block-paragraph\">Zell am See le\u017e\u00ed p\u0159\u00edmo na salcbursko-tyrolsk\u00e9 dr\u00e1ze a n\u00e1dra\u017e\u00ed je v centru obce. Z leti\u0161t\u011b Salcburk jedete nejprve na hlavn\u00ed n\u00e1dra\u017e\u00ed a odtud d\u00e1l. V zim\u011b to b\u00fdv\u00e1 nejklidn\u011bj\u0161\u00ed varianta, proto\u017ee nemus\u00edte \u0159e\u0161it ani sn\u011bhov\u00e9 \u0159et\u011bzy, ani parkov\u00e1n\u00ed. Podrobn\u011b k tomu <a href=\"https:\/\/zellamseekaprun.at\/cs\/vlakem-do-zell-am-see\/\">vlakem do Zell am See<\/a>.<\/p>\n\n<h3 class=\"wp-block-heading\">P\u016fj\u010den\u00e9 auto<\/h3>\n\n<p class=\"wp-block-paragraph\">Flexibiln\u00ed a u\u017eite\u010dn\u00e9, pokud pl\u00e1nujete v\u00fdlety za hranice regionu, nap\u0159\u00edklad na <a href=\"https:\/\/zellamseekaprun.at\/cs\/vysokohorska-silnice-grossglockner\/\">Vysokohorskou silnici Grossglockner<\/a>. V zim\u011b myslete na povinn\u00e9 zimn\u00ed pneumatiky a p\u0159\u00edpadn\u011b sn\u011bhov\u00e9 \u0159et\u011bzy a tak\u00e9 na rakouskou d\u00e1lni\u010dn\u00ed zn\u00e1mku, viz <a href=\"https:\/\/zellamseekaprun.at\/cs\/dalnicni-znamka-myto-cesta-zell-am-see-kaprun\/\">d\u00e1lni\u010dn\u00ed zn\u00e1mka a m\u00fdto<\/a>. V r\u00e1mci regionu auto \u010dasto v\u016fbec nepot\u0159ebujete, argumenty najdete v \u010dl\u00e1nku <a href=\"https:\/\/zellamseekaprun.at\/cs\/potrebujes-v-zell-am-see-auto\/\">pot\u0159ebujete v Zell am See auto<\/a>.<\/p>\n\n<h3 class=\"wp-block-heading\">Shuttle a soukrom\u00fd transfer<\/h3>\n\n<p class=\"wp-block-paragraph\">Mezi Salcburkem \u010di Mnichovem a obcemi v Pinzgau jezd\u00ed n\u011bkolik dopravc\u016f, bu\u010f jako sd\u00edlen\u00fd transfer v pevn\u00fdch \u010dasech, nebo jako soukrom\u00fd transfer p\u0159\u00edmo k ubytov\u00e1n\u00ed. Pro rodiny s velk\u00fdmi zavazadly a ly\u017ea\u0159skou v\u00fdbavou je soukrom\u00fd transfer pohodln\u00fd, v hlavn\u00ed sez\u00f3n\u011b je t\u0159eba rezervovat p\u0159edem. \u0158ada ubytov\u00e1n\u00ed transfer na vy\u017e\u00e1d\u00e1n\u00ed zprost\u0159edkuje.<\/p>\n\n<h2 class=\"wp-block-heading\">Realistick\u00fd odhad doby j\u00edzdy<\/h2>\n\n<p class=\"wp-block-paragraph\">Uveden\u00e9 \u010dasy plat\u00ed pro b\u011b\u017en\u00e9 podm\u00ednky. O sobot\u00e1ch v zimn\u00ed hlavn\u00ed sez\u00f3n\u011b, kdy se st\u0159\u00eddaj\u00ed cel\u00e9 regiony najednou, se doba j\u00edzdy m\u016f\u017ee v\u00fdrazn\u011b prot\u00e1hnout. Kdo m\u00e1 na v\u00fdb\u011br, p\u0159ij\u00ed\u017ed\u00ed ve v\u0161edn\u00ed den.<\/p>\n\n<h2 class=\"wp-block-heading\">Po p\u0159\u00edjezdu<\/h2>\n\n<p class=\"wp-block-paragraph\">Na m\u00edst\u011b spojuj\u00ed obce s doln\u00edmi stanicemi skibusy a region\u00e1ln\u00ed autobusy. Mnoh\u00e1 ubytov\u00e1n\u00ed vyd\u00e1vaj\u00ed hostovskou kartu, kter\u00e1 pokr\u00fdv\u00e1 ve\u0159ejnou dopravu, v l\u00e9t\u011b dopln\u011bnou o <a href=\"https:\/\/zellamseekaprun.at\/cs\/sommerkarte-zell-am-see-kaprun\/\">Sommerkarte<\/a>. \u00davod do regionu jako celku nab\u00edz\u00ed <a href=\"https:\/\/zellamseekaprun.at\/cs\/zell-am-see-kaprun-kompletni-pruvodce\/\">pr\u016fvodce<\/a>.<\/p>\n","protected":false},"excerpt":{"rendered":"<p>Zell am See neodbavuje pravideln\u00e9 lety. Kter\u00e9 ze \u010dty\u0159 okoln\u00edch leti\u0161\u0165 zvolit a jak zvl\u00e1dnout posledn\u00ed \u00fasek vlakem, autem nebo transferem.<\/p>\n","protected":false},"author":1,"featured_media":23999,"comment_status":"closed","ping_status":"open","sticky":false,"template":"","format":"standard","meta":{"_zsk_hscroll":false,"footnotes":""},"categories":[1151],"tags":[],"class_list":["post-37333","post","type-post","status-publish","format-standard","has-post-thumbnail","hentry","category-prakticke-informace-doprava"],"_links":{"self":[{"href":"https:\/\/zellamseekaprun.at\/cs\/wp-json\/wp\/v2\/posts\/37333","targetHints":{"allow":["GET"]}}],"collection":[{"href":"https:\/\/zellamseekaprun.at\/cs\/wp-json\/wp\/v2\/posts"}],"about":[{"href":"https:\/\/zellamseekaprun.at\/cs\/wp-json\/wp\/v2\/types\/post"}],"author":[{"embeddable":true,"href":"https:\/\/zellamseekaprun.at\/cs\/wp-json\/wp\/v2\/users\/1"}],"replies":[{"embeddable":true,"href":"https:\/\/zellamseekaprun.at\/cs\/wp-json\/wp\/v2\/comments?post=37333"}],"version-history":[{"count":0,"href":"https:\/\/zellamseekaprun.at\/cs\/wp-json\/wp\/v2\/posts\/37333\/revisions"}],"wp:featuredmedia":[{"embeddable":true,"href":"https:\/\/zellamseekaprun.at\/cs\/wp-json\/wp\/v2\/media\/23999"}],"wp:attachment":[{"href":"https:\/\/zellamseekaprun.at\/cs\/wp-json\/wp\/v2\/media?parent=37333"}],"wp:term":[{"taxonomy":"category","embeddable":true,"href":"https:\/\/zellamseekaprun.at\/cs\/wp-json\/wp\/v2\/categories?post=37333"},{"taxonomy":"post_tag","embeddable":true,"href":"https:\/\/zellamseekaprun.at\/cs\/wp-json\/wp\/v2\/tags?post=37333"}],"curies":[{"name":"wp","href":"https:\/\/api.w.org\/{rel}","templated":true}]}}