{"id":37688,"date":"2026-08-29T14:57:28","date_gmt":"2026-08-29T12:57:28","guid":{"rendered":"https:\/\/zellamseekaprun.at\/areitxpress-schuttdorf-areit-1400-ca\/"},"modified":"2026-08-29T14:57:28","modified_gmt":"2026-08-29T12:57:28","slug":"areitxpress-schuttdorf-areit-1400-ca","status":"publish","type":"post","link":"https:\/\/zellamseekaprun.at\/ca\/areitxpress-schuttdorf-areit-1400-ca\/","title":{"rendered":"areitXpress: de Sch\u00fcttdorf a Areit 1.400"},"content":{"rendered":"\n<p class=\"wp-block-paragraph\"><strong>En resum:<\/strong> L&#8217;areitXpress \u00e9s la telecabina que puja des del barri zellenc de <a href=\"https:\/\/zellamseekaprun.at\/ca\/schuettdorf-zell-am-see\/\">Sch\u00fcttdorf<\/a> fins a Areit 1.400 \u2014 cabines de 10 places, uns set minuts de trajecte, de 766 a 1.400 metres. No \u00e9s el telef\u00e8ric que porta al cim de la <a href=\"https:\/\/zellamseekaprun.at\/ca\/schmittenhohe-zell-am-see-muntanya-panoramica\/\">Schmittenh\u00f6he<\/a>, sin\u00f3 l&#8217;acc\u00e9s m\u00e9s r\u00e0pid a la zona d&#8217;excursionisme des de la banda sud del llac. Qui s&#8217;allotja a Sch\u00fcttdorf la t\u00e9 a la porta de casa. Aquesta p\u00e0gina explica qu\u00e8 hi ha realment a l&#8217;estaci\u00f3 de muntanya, com continuar des d&#8217;all\u00e0 i qu\u00e8 no funciona a l&#8217;estiu.<\/p>\n\n\n\n<h2 class=\"wp-block-heading\">De Sch\u00fcttdorf a 1.400 metres<\/h2>\n\n\n\n<p class=\"wp-block-paragraph\">L&#8217;estaci\u00f3 de vall es troba a Sch\u00fcttdorf, el barri m\u00e9s gran de Zell am See, a 766 metres. Des d&#8217;all\u00e0, la telecabina de 10 places la porta fins a 1.400 metres en uns set minuts \u2014 un desnivell de m\u00e9s de 630 metres. Les cabines tenen wifi i seients calefactats, cosa que compta m\u00e9s a l&#8217;hivern que al juliol.<\/p>\n\n\n\n<p class=\"wp-block-paragraph\">El valor pr\u00e0ctic rau en la ubicaci\u00f3. Sch\u00fcttdorf t\u00e9 m\u00e9s llits que qualsevol altre barri del municipi, i l&#8217;estaci\u00f3 de vall es troba just al seu centre. Qui s&#8217;allotja aqu\u00ed no necessita ni cotxe ni autob\u00fas per arribar a la muntanya. A l&#8217;estaci\u00f3 de vall hi ha un aparcament propi, a m\u00e9s de punts de c\u00e0rrega per a cotxes i bicicletes el\u00e8ctriques; tamb\u00e9 hi ha el centre d&#8217;informaci\u00f3 de l&#8217;operador de la muntanya.<\/p>\n\n\n\n<p class=\"wp-block-paragraph\">Un punt que sovint genera confusi\u00f3: \u00abAreit\u00bb no \u00e9s una localitat, sin\u00f3 el nom de la zona situada a 1.400 metres. El que els mapes i fullets anomenen \u00abAreit 1400\u00bb \u00e9s l&#8217;\u00e0rea de l&#8217;estaci\u00f3 de muntanya amb les seves instal\u00b7lacions \u2014 ni un poble ni el cim.<\/p>\n\n\n\n<p class=\"wp-block-paragraph\">I una altra q\u00fcesti\u00f3 de noms: a Sch\u00fcttdorf, en cartells m\u00e9s antics i en moltes descripcions d&#8217;allotjaments, es parla de l&#8217;\u00abAreitbahn\u00bb. Gaireb\u00e9 sempre es refereix a l&#8217;areitXpress. L&#8217;Areitbahn II, en canvi, \u00e9s una instal\u00b7laci\u00f3 diferent, situada m\u00e9s amunt, que no funciona a l&#8217;estiu. Si el vostre allotjament anuncia proximitat a l&#8217;\u00abAreitbahn\u00bb, es refereix a l&#8217;estaci\u00f3 de vall de l&#8217;areitXpress \u2014 i a Sch\u00fcttdorf aquesta indicaci\u00f3 sol ser correcta.<\/p>\n\n\n\n<h2 class=\"wp-block-heading\">Qu\u00e8 trobareu a l&#8217;estaci\u00f3 de muntanya<\/h2>\n\n\n\n<p class=\"wp-block-paragraph\">Areit 1.400 no \u00e9s nom\u00e9s un punt de trasbords. Al voltant de l&#8217;estaci\u00f3 de muntanya hi ha una oferta familiar ben integrada que fa que valgui la pena la sortida encara que ning\u00fa vulgui continuar caminant.<\/p>\n\n\n\n<p class=\"wp-block-paragraph\">Just a l&#8217;estaci\u00f3 de muntanya comen\u00e7a el <strong>Schmidolins Feuertaufe<\/strong>, un itinerari d&#8217;aventura amb endevinalles i proves al voltant del drac de la Schmitten. Pel cam\u00ed hi ha el parc infantil Schmidolins Drachenfeuer, amb una torre de jocs. L&#8217;\u00fas de l&#8217;itinerari est\u00e0 incl\u00f2s al bitllet del telef\u00e8ric; el passaport d&#8217;aventura es recull gratis a les taquilles de les estacions de vall, i el diploma pel passaport completat, al centre d&#8217;informaci\u00f3 prop de l&#8217;estaci\u00f3 de vall de l&#8217;areitXpress.<\/p>\n\n\n\n<p class=\"wp-block-paragraph\">Tamb\u00e9 a l&#8217;estaci\u00f3 de muntanya hi ha l&#8217;<strong>E-Motocross Park<\/strong>. Els adults hi condueixen motos de motocr\u00f2s el\u00e8ctriques; per als m\u00e9s joves hi ha zones separades amb els seus propis l\u00edmits d&#8217;edat i pes, incloent-hi el circuit de pr\u00e0ctiques Schmidolins Feuerstuhl. L&#8217;edat m\u00ednima per al circuit principal \u00e9s de 18 anys, es recomana inscripci\u00f3 pr\u00e8via, i amb mal temps la instal\u00b7laci\u00f3 roman tancada.<\/p>\n\n\n\n<p class=\"wp-block-paragraph\">El <strong>Kids Indoor Park Areit 1400<\/strong> va n\u00e9ixer de l&#8217;antiga exposici\u00f3 de cotxes cl\u00e0ssics i \u00e9s el consell m\u00e9s honest per al mal temps a la muntanya: un circuit de cotxets amb senyals de tr\u00e0nsit, un castell inflable i, a l&#8217;antiga estaci\u00f3 de muntanya de l&#8217;Areitbahn, un circuit d&#8217;obstacles per a cotxes teledirigits. A m\u00e9s, hi ha un restaurant de muntanya. A l&#8217;hivern, tamb\u00e9 trobareu una botiga d&#8217;esports i una escola d&#8217;esqu\u00ed a l&#8217;estaci\u00f3 de muntanya.<\/p>\n\n\n\n<h2 class=\"wp-block-heading\">M\u00e9s amunt \u2014 i qu\u00e8 no funciona a l&#8217;estiu<\/h2>\n\n\n\n<p class=\"wp-block-paragraph\">Des d&#8217;Areit 1.400, a l&#8217;hivern l&#8217;Areitbahn II i la Glocknerbahn continuen cap a la Schmittenh\u00f6he. A l&#8217;estiu, cap de les dues figura a la llista d&#8217;instal\u00b7lacions obertes. Aquesta \u00e9s la informaci\u00f3 m\u00e9s important d&#8217;aquesta p\u00e0gina, perqu\u00e8 sol causar decepci\u00f3: a l&#8217;estiu, l&#8217;areitXpress us porta fins a 1.400 metres, no fins al cim.<\/p>\n\n\n\n<p class=\"wp-block-paragraph\">Qui vulgui arribar a la Schmittenh\u00f6he a l&#8217;estiu continua a peu des d&#8217;Areit \u2014 la xarxa de senders est\u00e0 ben senyalitzada i el desnivell restant fins al cim \u00e9s assumible \u2014 o agafa directament un altre telef\u00e8ric. La connexi\u00f3 directa al cim \u00e9s la Schmittenh\u00f6hebahn, a la <a href=\"https:\/\/zellamseekaprun.at\/ca\/schmittental-zell-am-see\/\">Schmittental<\/a>; amb el cityXpress i la Route 56 tamb\u00e9 s&#8217;arriba a la zona d&#8217;Areit.<\/p>\n\n\n\n<p class=\"wp-block-paragraph\">A l&#8217;inrev\u00e9s: si la vostra destinaci\u00f3 \u00e9s igualment l&#8217;oferta familiar a 1.400 metres, l&#8217;areitXpress us permet estalviar-vos completament la volta per la ciutat.<\/p>\n\n\n\n<h2 class=\"wp-block-heading\">Horaris i temporada<\/h2>\n\n\n\n<p class=\"wp-block-paragraph\">A l&#8217;estiu de 2026, l&#8217;areitXpress funciona del 23 de maig al 13 de setembre, cada dia de 9 a 17 h. L&#8217;E-Motocross Park obre des del 23 de maig de 9.30 a 16 h. Les taquilles segueixen els horaris dels telef\u00e8rics i obren un quart d&#8217;hora abans.<\/p>\n\n\n\n<p class=\"wp-block-paragraph\">Dos matisos. Primer, aquestes franges canvien cada temporada; nom\u00e9s s\u00f3n vinculants les dades de Schmittenh\u00f6hebahn AG. Segon, l&#8217;areitXpress tanca abans a la tardor que la mateixa Schmittenh\u00f6hebahn \u2014 qui vulgui pujar a la muntanya a l&#8217;octubre far\u00e0 b\u00e9 de planificar-ho des del Schmittental.<\/p>\n\n\n\n<h2 class=\"wp-block-heading\">Per a qui val la pena l&#8217;areitXpress<\/h2>\n\n\n\n<p class=\"wp-block-paragraph\">L&#8217;areitXpress no \u00e9s una atracci\u00f3 tur\u00edstica, sin\u00f3 un mitj\u00e0 de transport amb bones vistes. Val clarament la pena per a tres grups:<\/p>\n\n\n\n<ul class=\"wp-block-list\">\n<li><strong>Fam\u00edlies amb nens en edat de prim\u00e0ria.<\/strong> Feuertaufe, parc infantil i parc cobert es troben tots a prop de l&#8217;estaci\u00f3 de muntanya, sense llargues aproximacions.<\/li>\n<li><strong>Hostes allotjats a Sch\u00fcttdorf.<\/strong> L&#8217;acc\u00e9s m\u00e9s curt possible, sense problemes d&#8217;aparcament, sense autob\u00fas d&#8217;esqu\u00ed.<\/li>\n<li><strong>Excursionistes que entren a la zona pel sud.<\/strong> Des d&#8217;Areit s&#8217;obre la xarxa de senders de la Schmitten sense la volta per la ciutat.<\/li>\n<\/ul>\n\n\n\n<p class=\"wp-block-paragraph\">El telef\u00e8ric t\u00e9 menys sentit si busqueu el panorama del cim i nom\u00e9s teniu un dia. En aquest cas, val m\u00e9s pujar directament amb la Schmittenh\u00f6hebahn i estalviar-vos el tram de connexi\u00f3.<\/p>\n\n\n\n<h2 class=\"wp-block-heading\">Consells per a la vostra visita<\/h2>\n\n\n\n<p class=\"wp-block-paragraph\"><strong>Comproveu la vostra targeta d&#8217;hoste abans de comprar un bitllet.<\/strong> El telef\u00e8ric d&#8217;estiu sovint est\u00e0 incl\u00f2s en la targeta d&#8217;hoste o d&#8217;estiu a Zell am See. Pregunteu al vostre allotjament \u2014 aix\u00f2 \u00e9s v\u00e0lid per a molts establiments de la localitat.<\/p>\n\n\n\n<p class=\"wp-block-paragraph\"><strong>Recolliu el passaport d&#8217;aventura a baix.<\/strong> Est\u00e0 disponible a les taquilles de les estacions de vall, no a dalt. Qui l&#8217;oblida fa el Feuertaufe sense el quadern d&#8217;endevinalles \u2014 cosa que, amb nens, treu la meitat de la gr\u00e0cia.<\/p>\n\n\n\n<p class=\"wp-block-paragraph\"><strong>Si el temps \u00e9s incert, comproveu primer l&#8217;estat de l&#8217;E-Motocross.<\/strong> La instal\u00b7laci\u00f3 tanca amb pluja, el parc cobert no. Si el parc de motocr\u00f2s \u00e9s el motiu de la sortida, comproveu-ho abans de pujar.<\/p>\n\n\n\n<p class=\"wp-block-paragraph\"><strong>Porteu roba per capes.<\/strong> Entre l&#8217;estaci\u00f3 de vall i Areit hi ha m\u00e9s de 630 metres de desnivell. Fins i tot en dies calorosos, a dalt es nota notablement m\u00e9s fresc i amb m\u00e9s vent.<\/p>\n\n","protected":false},"excerpt":{"rendered":"<p>En resum: L&#8217;areitXpress \u00e9s la telecabina que puja des del barri zellenc de Sch\u00fcttdorf fins a Areit 1.400 \u2014 cabines de 10 places, uns set minuts de trajecte, de 766 [&hellip;]<\/p>\n","protected":false},"author":1,"featured_media":37642,"comment_status":"open","ping_status":"open","sticky":false,"template":"","format":"standard","meta":{"_zsk_hscroll":false,"footnotes":""},"categories":[1043,1039],"tags":[],"class_list":["post-37688","post","type-post","status-publish","format-standard","has-post-thumbnail","hentry","category-sommer-ca","category-erlebnisse-ca"],"_links":{"self":[{"href":"https:\/\/zellamseekaprun.at\/ca\/wp-json\/wp\/v2\/posts\/37688","targetHints":{"allow":["GET"]}}],"collection":[{"href":"https:\/\/zellamseekaprun.at\/ca\/wp-json\/wp\/v2\/posts"}],"about":[{"href":"https:\/\/zellamseekaprun.at\/ca\/wp-json\/wp\/v2\/types\/post"}],"author":[{"embeddable":true,"href":"https:\/\/zellamseekaprun.at\/ca\/wp-json\/wp\/v2\/users\/1"}],"replies":[{"embeddable":true,"href":"https:\/\/zellamseekaprun.at\/ca\/wp-json\/wp\/v2\/comments?post=37688"}],"version-history":[{"count":0,"href":"https:\/\/zellamseekaprun.at\/ca\/wp-json\/wp\/v2\/posts\/37688\/revisions"}],"wp:featuredmedia":[{"embeddable":true,"href":"https:\/\/zellamseekaprun.at\/ca\/wp-json\/wp\/v2\/media\/37642"}],"wp:attachment":[{"href":"https:\/\/zellamseekaprun.at\/ca\/wp-json\/wp\/v2\/media?parent=37688"}],"wp:term":[{"taxonomy":"category","embeddable":true,"href":"https:\/\/zellamseekaprun.at\/ca\/wp-json\/wp\/v2\/categories?post=37688"},{"taxonomy":"post_tag","embeddable":true,"href":"https:\/\/zellamseekaprun.at\/ca\/wp-json\/wp\/v2\/tags?post=37688"}],"curies":[{"name":"wp","href":"https:\/\/api.w.org\/{rel}","templated":true}]}}